{"id":1113,"date":"2021-08-09T22:31:24","date_gmt":"2021-08-09T19:31:24","guid":{"rendered":"http:\/\/radarmedia.ro\/?p=1113"},"modified":"2021-08-09T22:31:24","modified_gmt":"2021-08-09T19:31:24","slug":"accident-mortal-soferul-beat-a-intrat-pe-contrasens","status":"publish","type":"post","link":"https:\/\/radarmedia.ro\/index.php\/2021\/08\/09\/accident-mortal-soferul-beat-a-intrat-pe-contrasens\/","title":{"rendered":"Accident mortal. \u0218oferul beat a intrat pe contrasens"},"content":{"rendered":"<p>Un \u0219ofer b\u0103ut a produs un accident mortal, \u00een Novaci. Autoturismul condus de acesta a intrat pe contrasens \u0219i a lovit \u00een plin un motociclist. &#8222;Un conduc\u0103tor auto de 50 de ani, \u00een timp ce se deplasa cu un autoturism din directia Bumbe\u0219ti Pi\u021bic spre Novaci, a p\u0103truns pe contrasens si a intrat un coliziune frontal\u0103 cu o motociclet\u0103 condus\u0103 de un cet\u0103\u021bean polonez de 49 de ani, care se deplasa din sens opus. Din p\u0103cate, in urma impactului, motociclistul a decedat. Conducatorul autoturismului a fost testat cu aparatul etilotest rezultatul fiind de 0,63 mg\/l alcool pur \u00een aerul expirat&#8221;, se arat\u0103 \u00eentr-un comunicat al IPJ Gorj.<br \/>\nPoli\u021bi\u0219tii au \u00eentocmit dosar penal pentru ucidere din culp\u0103 si conducerea unui autoturism pe drumurile publice de catre o persoana care se afla sub influen\u021ba alcoolului.<\/p>\n","protected":false},"excerpt":{"rendered":"<p class=\"text-justify mb-2\" >Un \u0219ofer b\u0103ut a produs un accident mortal, \u00een Novaci. Autoturismul condus de acesta a intrat pe contrasens \u0219i a lovit \u00een plin un motociclist. &#8222;Un conduc\u0103tor auto de 50 de ani, \u00een timp ce se deplasa cu un autoturism din directia Bumbe\u0219ti Pi\u021bic spre [&hellip;]<\/p>\n","protected":false},"author":2,"featured_media":319,"comment_status":"open","ping_status":"open","sticky":false,"template":"","format":"standard","meta":{"footnotes":""},"categories":[13,2,4],"tags":[],"class_list":["post-1113","post","type-post","status-publish","format-standard","has-post-thumbnail","hentry","category-eveniment","category-featured","category-ultima-ora"],"_links":{"self":[{"href":"https:\/\/radarmedia.ro\/index.php\/wp-json\/wp\/v2\/posts\/1113","targetHints":{"allow":["GET"]}}],"collection":[{"href":"https:\/\/radarmedia.ro\/index.php\/wp-json\/wp\/v2\/posts"}],"about":[{"href":"https:\/\/radarmedia.ro\/index.php\/wp-json\/wp\/v2\/types\/post"}],"author":[{"embeddable":true,"href":"https:\/\/radarmedia.ro\/index.php\/wp-json\/wp\/v2\/users\/2"}],"replies":[{"embeddable":true,"href":"https:\/\/radarmedia.ro\/index.php\/wp-json\/wp\/v2\/comments?post=1113"}],"version-history":[{"count":1,"href":"https:\/\/radarmedia.ro\/index.php\/wp-json\/wp\/v2\/posts\/1113\/revisions"}],"predecessor-version":[{"id":1114,"href":"https:\/\/radarmedia.ro\/index.php\/wp-json\/wp\/v2\/posts\/1113\/revisions\/1114"}],"wp:featuredmedia":[{"embeddable":true,"href":"https:\/\/radarmedia.ro\/index.php\/wp-json\/wp\/v2\/media\/319"}],"wp:attachment":[{"href":"https:\/\/radarmedia.ro\/index.php\/wp-json\/wp\/v2\/media?parent=1113"}],"wp:term":[{"taxonomy":"category","embeddable":true,"href":"https:\/\/radarmedia.ro\/index.php\/wp-json\/wp\/v2\/categories?post=1113"},{"taxonomy":"post_tag","embeddable":true,"href":"https:\/\/radarmedia.ro\/index.php\/wp-json\/wp\/v2\/tags?post=1113"}],"curies":[{"name":"wp","href":"https:\/\/api.w.org\/{rel}","templated":true}]}}