{"id":1122,"date":"2021-08-10T09:27:16","date_gmt":"2021-08-10T06:27:16","guid":{"rendered":"http:\/\/radarmedia.ro\/?p=1122"},"modified":"2021-08-10T09:33:54","modified_gmt":"2021-08-10T06:33:54","slug":"i-a-taiat-capul-mamei","status":"publish","type":"post","link":"https:\/\/radarmedia.ro\/index.php\/2021\/08\/10\/i-a-taiat-capul-mamei\/","title":{"rendered":"I-a t\u0103iat capul mamei"},"content":{"rendered":"<p>O crim\u0103 terifiant\u0103 a \u0219ocat locuitorii satului Valea Mare, din comuna Runcu. O femeie a fost omor\u00e2t\u0103 de fiul \u00een v\u00e2rst\u0103 de 27 de ani, care i-a t\u0103iat capul cu o secure. Abominabilul omor s-a petrecut noaptea trecut\u0103, la locuin\u021ba familiei fiind acum criminali\u0219ti \u0219i un procuror din cadrul Parchetului de pe l\u00e2ng\u0103 Tribunalul Gorj.<\/p>\n","protected":false},"excerpt":{"rendered":"<p class=\"text-justify mb-2\" >O crim\u0103 terifiant\u0103 a \u0219ocat locuitorii satului Valea Mare, din comuna Runcu. O femeie a fost omor\u00e2t\u0103 de fiul \u00een v\u00e2rst\u0103 de 27 de ani, care i-a t\u0103iat capul cu o secure. Abominabilul omor s-a petrecut noaptea trecut\u0103, la locuin\u021ba familiei fiind acum criminali\u0219ti \u0219i [&hellip;]<\/p>\n","protected":false},"author":2,"featured_media":1062,"comment_status":"open","ping_status":"open","sticky":false,"template":"","format":"standard","meta":{"footnotes":""},"categories":[13,2,4],"tags":[],"class_list":["post-1122","post","type-post","status-publish","format-standard","has-post-thumbnail","hentry","category-eveniment","category-featured","category-ultima-ora"],"_links":{"self":[{"href":"https:\/\/radarmedia.ro\/index.php\/wp-json\/wp\/v2\/posts\/1122","targetHints":{"allow":["GET"]}}],"collection":[{"href":"https:\/\/radarmedia.ro\/index.php\/wp-json\/wp\/v2\/posts"}],"about":[{"href":"https:\/\/radarmedia.ro\/index.php\/wp-json\/wp\/v2\/types\/post"}],"author":[{"embeddable":true,"href":"https:\/\/radarmedia.ro\/index.php\/wp-json\/wp\/v2\/users\/2"}],"replies":[{"embeddable":true,"href":"https:\/\/radarmedia.ro\/index.php\/wp-json\/wp\/v2\/comments?post=1122"}],"version-history":[{"count":1,"href":"https:\/\/radarmedia.ro\/index.php\/wp-json\/wp\/v2\/posts\/1122\/revisions"}],"predecessor-version":[{"id":1123,"href":"https:\/\/radarmedia.ro\/index.php\/wp-json\/wp\/v2\/posts\/1122\/revisions\/1123"}],"wp:featuredmedia":[{"embeddable":true,"href":"https:\/\/radarmedia.ro\/index.php\/wp-json\/wp\/v2\/media\/1062"}],"wp:attachment":[{"href":"https:\/\/radarmedia.ro\/index.php\/wp-json\/wp\/v2\/media?parent=1122"}],"wp:term":[{"taxonomy":"category","embeddable":true,"href":"https:\/\/radarmedia.ro\/index.php\/wp-json\/wp\/v2\/categories?post=1122"},{"taxonomy":"post_tag","embeddable":true,"href":"https:\/\/radarmedia.ro\/index.php\/wp-json\/wp\/v2\/tags?post=1122"}],"curies":[{"name":"wp","href":"https:\/\/api.w.org\/{rel}","templated":true}]}}