{"id":1389,"date":"2021-09-09T22:07:55","date_gmt":"2021-09-09T19:07:55","guid":{"rendered":"http:\/\/radarmedia.ro\/?p=1389"},"modified":"2021-09-09T22:07:55","modified_gmt":"2021-09-09T19:07:55","slug":"arestat-pentru-act-sexual-cu-un-minor","status":"publish","type":"post","link":"https:\/\/radarmedia.ro\/index.php\/2021\/09\/09\/arestat-pentru-act-sexual-cu-un-minor\/","title":{"rendered":"Arestat pentru act sexual cu un minor"},"content":{"rendered":"<p>Un gorjean a fost arestat pentru act sexual cu un minor. B\u0103rbatul de 32 de ani este acuzat c\u0103 a \u00eentre\u021binut acte sexuale cu o fat\u0103 de 12 ani. &#8222;La data de 8 septembrie a.c., poli\u021bisti din cadrul Serviciului de Investiga\u021bii Criminale s-au sesizat din oficiu cu privire la infrac\u021biunea de act sexual cu un minor, fiind b\u0103nuit un b\u0103rbat din comuna C\u0103preni. Din cercet\u0103rile efectuate de poli\u021bi\u0219ti a reie\u0219it faptul c\u0103 \u00een perioada iulie &#8211; august a.c., un b\u0103rbat de 32 de ani, din comuna C\u0103preni, ar fi \u00eentre\u021binut mai multe acte sexuale cu o minor\u0103. \u00cen aceea\u0219i zi, b\u0103rbatul a fost re\u021binut pentru 24 de ore, introdus \u00een arestul IPJ Gorj \u0219i ulterior prezentat Parchetului de pe l\u00e2ng\u0103 Judec\u0103toria T\u00e2rgu C\u0103rbune\u0219ti, cu propuneri legale, pe numele s\u0103u fiind emis un mandat de arestare preventiv\u0103 pentru 30 zile&#8221;, au comunicat reprezentan\u021bii IPJ Gorj.<\/p>\n","protected":false},"excerpt":{"rendered":"<p class=\"text-justify mb-2\" >Un gorjean a fost arestat pentru act sexual cu un minor. B\u0103rbatul de 32 de ani este acuzat c\u0103 a \u00eentre\u021binut acte sexuale cu o fat\u0103 de 12 ani. &#8222;La data de 8 septembrie a.c., poli\u021bisti din cadrul Serviciului de Investiga\u021bii Criminale s-au sesizat din [&hellip;]<\/p>\n","protected":false},"author":1,"featured_media":387,"comment_status":"open","ping_status":"open","sticky":false,"template":"","format":"standard","meta":{"footnotes":""},"categories":[13,2,4],"tags":[],"class_list":["post-1389","post","type-post","status-publish","format-standard","has-post-thumbnail","hentry","category-eveniment","category-featured","category-ultima-ora"],"_links":{"self":[{"href":"https:\/\/radarmedia.ro\/index.php\/wp-json\/wp\/v2\/posts\/1389","targetHints":{"allow":["GET"]}}],"collection":[{"href":"https:\/\/radarmedia.ro\/index.php\/wp-json\/wp\/v2\/posts"}],"about":[{"href":"https:\/\/radarmedia.ro\/index.php\/wp-json\/wp\/v2\/types\/post"}],"author":[{"embeddable":true,"href":"https:\/\/radarmedia.ro\/index.php\/wp-json\/wp\/v2\/users\/1"}],"replies":[{"embeddable":true,"href":"https:\/\/radarmedia.ro\/index.php\/wp-json\/wp\/v2\/comments?post=1389"}],"version-history":[{"count":1,"href":"https:\/\/radarmedia.ro\/index.php\/wp-json\/wp\/v2\/posts\/1389\/revisions"}],"predecessor-version":[{"id":1390,"href":"https:\/\/radarmedia.ro\/index.php\/wp-json\/wp\/v2\/posts\/1389\/revisions\/1390"}],"wp:featuredmedia":[{"embeddable":true,"href":"https:\/\/radarmedia.ro\/index.php\/wp-json\/wp\/v2\/media\/387"}],"wp:attachment":[{"href":"https:\/\/radarmedia.ro\/index.php\/wp-json\/wp\/v2\/media?parent=1389"}],"wp:term":[{"taxonomy":"category","embeddable":true,"href":"https:\/\/radarmedia.ro\/index.php\/wp-json\/wp\/v2\/categories?post=1389"},{"taxonomy":"post_tag","embeddable":true,"href":"https:\/\/radarmedia.ro\/index.php\/wp-json\/wp\/v2\/tags?post=1389"}],"curies":[{"name":"wp","href":"https:\/\/api.w.org\/{rel}","templated":true}]}}