{"id":1391,"date":"2021-09-09T22:13:36","date_gmt":"2021-09-09T19:13:36","guid":{"rendered":"http:\/\/radarmedia.ro\/?p=1391"},"modified":"2021-09-09T22:13:36","modified_gmt":"2021-09-09T19:13:36","slug":"a-murit-in-masina-facuta-morman-de-fiare","status":"publish","type":"post","link":"https:\/\/radarmedia.ro\/index.php\/2021\/09\/09\/a-murit-in-masina-facuta-morman-de-fiare\/","title":{"rendered":"A murit \u00een ma\u0219ina f\u0103cut\u0103 morman de fiare"},"content":{"rendered":"<p>Un b\u0103rbat a murit, \u00een aceast\u0103 dup\u0103 amiaz\u0103, dup\u0103 ce ma\u0219ina \u00een care se afla a fost implicat\u0103 \u00eentr-un grav accident, \u00een comuna Albeni. &#8222;La fata locului s-au deplasat 2 autospeciale pentru descarcerare si o ambulanta SMURD din cadrul ISU Corj, precum si 2 ambulante din cadrul SAJ Gorj. Echipajele sosite la fata locului au constatat ca in irma impactului o persoana de sex masculin era incarcerata si inconstienta. S-a intervenit pentru descarcerarea victimei si aplicarea manevrelor de resuscitare. Din pacate, in ciuda eforturilor depuse de catre echipajele de interventie nu s-a mai putut face nimic pentru a-l salva pe barbatul in varsta de 53 de ani, medicul sosit la fata locului constatand decesul&#8221;, arat\u0103 un comunicat al Inspectoratului pentru Situa\u021bii de Urgen\u021b\u0103 Gorj.<\/p>\n","protected":false},"excerpt":{"rendered":"<p class=\"text-justify mb-2\" >Un b\u0103rbat a murit, \u00een aceast\u0103 dup\u0103 amiaz\u0103, dup\u0103 ce ma\u0219ina \u00een care se afla a fost implicat\u0103 \u00eentr-un grav accident, \u00een comuna Albeni. &#8222;La fata locului s-au deplasat 2 autospeciale pentru descarcerare si o ambulanta SMURD din cadrul ISU Corj, precum si 2 ambulante [&hellip;]<\/p>\n","protected":false},"author":1,"featured_media":1392,"comment_status":"open","ping_status":"open","sticky":false,"template":"","format":"standard","meta":{"footnotes":""},"categories":[13,2,4],"tags":[],"class_list":["post-1391","post","type-post","status-publish","format-standard","has-post-thumbnail","hentry","category-eveniment","category-featured","category-ultima-ora"],"_links":{"self":[{"href":"https:\/\/radarmedia.ro\/index.php\/wp-json\/wp\/v2\/posts\/1391","targetHints":{"allow":["GET"]}}],"collection":[{"href":"https:\/\/radarmedia.ro\/index.php\/wp-json\/wp\/v2\/posts"}],"about":[{"href":"https:\/\/radarmedia.ro\/index.php\/wp-json\/wp\/v2\/types\/post"}],"author":[{"embeddable":true,"href":"https:\/\/radarmedia.ro\/index.php\/wp-json\/wp\/v2\/users\/1"}],"replies":[{"embeddable":true,"href":"https:\/\/radarmedia.ro\/index.php\/wp-json\/wp\/v2\/comments?post=1391"}],"version-history":[{"count":1,"href":"https:\/\/radarmedia.ro\/index.php\/wp-json\/wp\/v2\/posts\/1391\/revisions"}],"predecessor-version":[{"id":1393,"href":"https:\/\/radarmedia.ro\/index.php\/wp-json\/wp\/v2\/posts\/1391\/revisions\/1393"}],"wp:featuredmedia":[{"embeddable":true,"href":"https:\/\/radarmedia.ro\/index.php\/wp-json\/wp\/v2\/media\/1392"}],"wp:attachment":[{"href":"https:\/\/radarmedia.ro\/index.php\/wp-json\/wp\/v2\/media?parent=1391"}],"wp:term":[{"taxonomy":"category","embeddable":true,"href":"https:\/\/radarmedia.ro\/index.php\/wp-json\/wp\/v2\/categories?post=1391"},{"taxonomy":"post_tag","embeddable":true,"href":"https:\/\/radarmedia.ro\/index.php\/wp-json\/wp\/v2\/tags?post=1391"}],"curies":[{"name":"wp","href":"https:\/\/api.w.org\/{rel}","templated":true}]}}