{"id":1518,"date":"2021-09-25T16:39:26","date_gmt":"2021-09-25T13:39:26","guid":{"rendered":"https:\/\/radarmedia.ro\/?p=1518"},"modified":"2021-09-26T22:19:02","modified_gmt":"2021-09-26T19:19:02","slug":"insulita-din-targu-jiu-iluminata-cu-leduri","status":"publish","type":"post","link":"https:\/\/radarmedia.ro\/index.php\/2021\/09\/25\/insulita-din-targu-jiu-iluminata-cu-leduri\/","title":{"rendered":"Insuli\u021ba din T\u00e2rgu Jiu, iluminat\u0103 cu leduri"},"content":{"rendered":"<p>Insuli\u021ba de pe Jiu este iluminat\u0103 cu un sistem nou, pe baz\u0103 de leduri. Re\u021beaua a fost \u00eenlocuit\u0103, iar vineri seara, aceasta a fost inaugurat\u0103. &#8222;Este un loc extrem de circulat. Acum un an, reparam frecvent iluminatul de acolo \u0219i nu func\u021biona la parametri optimi \u0219i am luat decizia ca, din bugetul pe 2021, una dintre priorit\u0103\u021bi s\u0103 fie amenajarea iluminatului public de pe insuli\u021b\u0103. Proiectul este finalizat, arat\u0103 foarte bine, este un iluminat modern, pe baz\u0103 de leduri, a\u0219a cum \u00eencerc\u0103m s\u0103 implement\u0103m pe toat\u0103 raza municipiului T\u00e2rgu Jiu&#8221;, a declarat primarul Marcel Romanescu. Autorit\u0103\u021bile locale sus\u021bin c\u0103, dincolo de aspect, este vorba \u0219i de eficien\u021ba noilor sisteme, care reduc substan\u021bial costurile cu consumul de energie electric\u0103.<\/p>\n","protected":false},"excerpt":{"rendered":"<p class=\"text-justify mb-2\" >Insuli\u021ba de pe Jiu este iluminat\u0103 cu un sistem nou, pe baz\u0103 de leduri. Re\u021beaua a fost \u00eenlocuit\u0103, iar vineri seara, aceasta a fost inaugurat\u0103. &#8222;Este un loc extrem de circulat. Acum un an, reparam frecvent iluminatul de acolo \u0219i nu func\u021biona la parametri optimi [&hellip;]<\/p>\n","protected":false},"author":1,"featured_media":1523,"comment_status":"open","ping_status":"open","sticky":false,"template":"","format":"standard","meta":{"footnotes":""},"categories":[5,1,4],"tags":[],"class_list":["post-1518","post","type-post","status-publish","format-standard","has-post-thumbnail","hentry","category-actualitate","category-fara-categorie","category-ultima-ora"],"_links":{"self":[{"href":"https:\/\/radarmedia.ro\/index.php\/wp-json\/wp\/v2\/posts\/1518","targetHints":{"allow":["GET"]}}],"collection":[{"href":"https:\/\/radarmedia.ro\/index.php\/wp-json\/wp\/v2\/posts"}],"about":[{"href":"https:\/\/radarmedia.ro\/index.php\/wp-json\/wp\/v2\/types\/post"}],"author":[{"embeddable":true,"href":"https:\/\/radarmedia.ro\/index.php\/wp-json\/wp\/v2\/users\/1"}],"replies":[{"embeddable":true,"href":"https:\/\/radarmedia.ro\/index.php\/wp-json\/wp\/v2\/comments?post=1518"}],"version-history":[{"count":2,"href":"https:\/\/radarmedia.ro\/index.php\/wp-json\/wp\/v2\/posts\/1518\/revisions"}],"predecessor-version":[{"id":1524,"href":"https:\/\/radarmedia.ro\/index.php\/wp-json\/wp\/v2\/posts\/1518\/revisions\/1524"}],"wp:featuredmedia":[{"embeddable":true,"href":"https:\/\/radarmedia.ro\/index.php\/wp-json\/wp\/v2\/media\/1523"}],"wp:attachment":[{"href":"https:\/\/radarmedia.ro\/index.php\/wp-json\/wp\/v2\/media?parent=1518"}],"wp:term":[{"taxonomy":"category","embeddable":true,"href":"https:\/\/radarmedia.ro\/index.php\/wp-json\/wp\/v2\/categories?post=1518"},{"taxonomy":"post_tag","embeddable":true,"href":"https:\/\/radarmedia.ro\/index.php\/wp-json\/wp\/v2\/tags?post=1518"}],"curies":[{"name":"wp","href":"https:\/\/api.w.org\/{rel}","templated":true}]}}