{"id":1519,"date":"2021-09-24T19:40:10","date_gmt":"2021-09-24T16:40:10","guid":{"rendered":"http:\/\/radarmedia.ro\/?p=1519"},"modified":"2021-09-24T19:40:10","modified_gmt":"2021-09-24T16:40:10","slug":"video-casa-abia-construita-cuprinsa-de-flacari","status":"publish","type":"post","link":"https:\/\/radarmedia.ro\/index.php\/2021\/09\/24\/video-casa-abia-construita-cuprinsa-de-flacari\/","title":{"rendered":"VIDEO. Cas\u0103 abia construit\u0103, cuprins\u0103 de fl\u0103c\u0103ri"},"content":{"rendered":"<p>O cas\u0103 din comuna Runcu a fost cuprins\u0103 de fl\u0103c\u0103ri, \u00een aceast\u0103 dup\u0103 amiaz\u0103. Imobilul construit &#8222;la ro\u0219u&#8221; a ars la o tor\u021b\u0103, p\u00e2n\u0103 la sosirea echipajelor de pompieri. Dou\u0103 autospeciale de stingere cu apa si spuma, din cadrul Detasamentului de Pompieri Tg-Jiu, au ajuns la locul incendiului, ulterior, fortele de interventie au fost suplimentate cu alte dou\u0103 autospeciale.<\/p>\n<p><iframe loading=\"lazy\" title=\"Cas\u0103 din Runcu, in flacari\" width=\"500\" height=\"281\" src=\"https:\/\/www.youtube.com\/embed\/AbRpmeyFV3o?feature=oembed\" frameborder=\"0\" allow=\"accelerometer; autoplay; clipboard-write; encrypted-media; gyroscope; picture-in-picture; web-share\" referrerpolicy=\"strict-origin-when-cross-origin\" allowfullscreen><\/iframe><\/p>\n","protected":false},"excerpt":{"rendered":"<p class=\"text-justify mb-2\" >O cas\u0103 din comuna Runcu a fost cuprins\u0103 de fl\u0103c\u0103ri, \u00een aceast\u0103 dup\u0103 amiaz\u0103. Imobilul construit &#8222;la ro\u0219u&#8221; a ars la o tor\u021b\u0103, p\u00e2n\u0103 la sosirea echipajelor de pompieri. Dou\u0103 autospeciale de stingere cu apa si spuma, din cadrul Detasamentului de Pompieri Tg-Jiu, au ajuns [&hellip;]<\/p>\n","protected":false},"author":1,"featured_media":1520,"comment_status":"open","ping_status":"open","sticky":false,"template":"","format":"standard","meta":{"footnotes":""},"categories":[13,2,4],"tags":[],"class_list":["post-1519","post","type-post","status-publish","format-standard","has-post-thumbnail","hentry","category-eveniment","category-featured","category-ultima-ora"],"_links":{"self":[{"href":"https:\/\/radarmedia.ro\/index.php\/wp-json\/wp\/v2\/posts\/1519","targetHints":{"allow":["GET"]}}],"collection":[{"href":"https:\/\/radarmedia.ro\/index.php\/wp-json\/wp\/v2\/posts"}],"about":[{"href":"https:\/\/radarmedia.ro\/index.php\/wp-json\/wp\/v2\/types\/post"}],"author":[{"embeddable":true,"href":"https:\/\/radarmedia.ro\/index.php\/wp-json\/wp\/v2\/users\/1"}],"replies":[{"embeddable":true,"href":"https:\/\/radarmedia.ro\/index.php\/wp-json\/wp\/v2\/comments?post=1519"}],"version-history":[{"count":1,"href":"https:\/\/radarmedia.ro\/index.php\/wp-json\/wp\/v2\/posts\/1519\/revisions"}],"predecessor-version":[{"id":1521,"href":"https:\/\/radarmedia.ro\/index.php\/wp-json\/wp\/v2\/posts\/1519\/revisions\/1521"}],"wp:featuredmedia":[{"embeddable":true,"href":"https:\/\/radarmedia.ro\/index.php\/wp-json\/wp\/v2\/media\/1520"}],"wp:attachment":[{"href":"https:\/\/radarmedia.ro\/index.php\/wp-json\/wp\/v2\/media?parent=1519"}],"wp:term":[{"taxonomy":"category","embeddable":true,"href":"https:\/\/radarmedia.ro\/index.php\/wp-json\/wp\/v2\/categories?post=1519"},{"taxonomy":"post_tag","embeddable":true,"href":"https:\/\/radarmedia.ro\/index.php\/wp-json\/wp\/v2\/tags?post=1519"}],"curies":[{"name":"wp","href":"https:\/\/api.w.org\/{rel}","templated":true}]}}