{"id":1525,"date":"2021-09-25T16:47:01","date_gmt":"2021-09-25T13:47:01","guid":{"rendered":"http:\/\/radarmedia.ro\/?p=1525"},"modified":"2021-09-25T16:47:01","modified_gmt":"2021-09-25T13:47:01","slug":"a-doua-firma-de-dezmembrari-auto-inchisa-de-garda-de-mediu","status":"publish","type":"post","link":"https:\/\/radarmedia.ro\/index.php\/2021\/09\/25\/a-doua-firma-de-dezmembrari-auto-inchisa-de-garda-de-mediu\/","title":{"rendered":"A doua firm\u0103 de dezmembr\u0103ri auto, \u00eenchis\u0103 de Garda de Mediu"},"content":{"rendered":"<p>Comisarii G\u0103rzii de Mediu Gorj au sistat activitatea uui parc de dezmembr\u0103ri auto, care func\u021biona f\u0103r\u0103 autoriza\u021biile legale. Este al doilea \u00eenchis de institu\u021bia de mediu, \u00een doar dou\u0103 zile, prima firm\u0103 amendat\u0103 fiind din cimuna Turburea. &#8222;Deoarece s-a constatat c\u0103 o parte din de\u0219eurile abandonate provin din dezmembr\u0103ri auto, comisarii G\u0103rzii de Mediu Gorj au continuat controalele pe raza jude\u021bului Gorj. Astfel a fost identificat\u0103 pe raza localit\u0103\u021bii Plop\u0219oru o alt\u0103 firm\u0103 care desf\u0103\u0219ura activitatea de dezmembr\u0103ri auto f\u0103r\u0103 avizele de mediu necesare. A fost aplicat \u0219i \u00een acest caz, o amend\u0103 \u00een valoare de 30 000 lei fiindu-i oprit\u0103 activitatea p\u00e2n\u0103 la intrarea \u00een legalitate&#8221;, arat\u0103 un comunicat al G\u0103rzii de Mediu Gorj.<\/p>\n","protected":false},"excerpt":{"rendered":"<p class=\"text-justify mb-2\" >Comisarii G\u0103rzii de Mediu Gorj au sistat activitatea uui parc de dezmembr\u0103ri auto, care func\u021biona f\u0103r\u0103 autoriza\u021biile legale. Este al doilea \u00eenchis de institu\u021bia de mediu, \u00een doar dou\u0103 zile, prima firm\u0103 amendat\u0103 fiind din cimuna Turburea. &#8222;Deoarece s-a constatat c\u0103 o parte din de\u0219eurile [&hellip;]<\/p>\n","protected":false},"author":1,"featured_media":1526,"comment_status":"open","ping_status":"open","sticky":false,"template":"","format":"standard","meta":{"footnotes":""},"categories":[13,2,4],"tags":[],"class_list":["post-1525","post","type-post","status-publish","format-standard","has-post-thumbnail","hentry","category-eveniment","category-featured","category-ultima-ora"],"_links":{"self":[{"href":"https:\/\/radarmedia.ro\/index.php\/wp-json\/wp\/v2\/posts\/1525","targetHints":{"allow":["GET"]}}],"collection":[{"href":"https:\/\/radarmedia.ro\/index.php\/wp-json\/wp\/v2\/posts"}],"about":[{"href":"https:\/\/radarmedia.ro\/index.php\/wp-json\/wp\/v2\/types\/post"}],"author":[{"embeddable":true,"href":"https:\/\/radarmedia.ro\/index.php\/wp-json\/wp\/v2\/users\/1"}],"replies":[{"embeddable":true,"href":"https:\/\/radarmedia.ro\/index.php\/wp-json\/wp\/v2\/comments?post=1525"}],"version-history":[{"count":1,"href":"https:\/\/radarmedia.ro\/index.php\/wp-json\/wp\/v2\/posts\/1525\/revisions"}],"predecessor-version":[{"id":1527,"href":"https:\/\/radarmedia.ro\/index.php\/wp-json\/wp\/v2\/posts\/1525\/revisions\/1527"}],"wp:featuredmedia":[{"embeddable":true,"href":"https:\/\/radarmedia.ro\/index.php\/wp-json\/wp\/v2\/media\/1526"}],"wp:attachment":[{"href":"https:\/\/radarmedia.ro\/index.php\/wp-json\/wp\/v2\/media?parent=1525"}],"wp:term":[{"taxonomy":"category","embeddable":true,"href":"https:\/\/radarmedia.ro\/index.php\/wp-json\/wp\/v2\/categories?post=1525"},{"taxonomy":"post_tag","embeddable":true,"href":"https:\/\/radarmedia.ro\/index.php\/wp-json\/wp\/v2\/tags?post=1525"}],"curies":[{"name":"wp","href":"https:\/\/api.w.org\/{rel}","templated":true}]}}