{"id":1639,"date":"2021-10-10T13:12:30","date_gmt":"2021-10-10T10:12:30","guid":{"rendered":"http:\/\/radarmedia.ro\/?p=1639"},"modified":"2021-10-10T13:12:30","modified_gmt":"2021-10-10T10:12:30","slug":"actorul-ionut-stoica-va-fi-inmormantat-luni-sicriul-depus-la-capela-eden","status":"publish","type":"post","link":"https:\/\/radarmedia.ro\/index.php\/2021\/10\/10\/actorul-ionut-stoica-va-fi-inmormantat-luni-sicriul-depus-la-capela-eden\/","title":{"rendered":"Actorul Ionu\u021b Stoica va fi \u00eenmorm\u00e2ntat luni. Sicriul, depus la Capela Eden"},"content":{"rendered":"<div dir=\"auto\">Cei care vor s\u0103 aprind\u0103 o lum\u00e2nare \u0219i s\u0103 depun\u0103 flori la c\u0103p\u0103t\u00e2iul actorului Ionu\u021b Stoica pot s\u0103 \u00ee\u0219i ia r\u0103mas bun, la Capela Eden, unde sicriul a fost depus s\u00e2mb\u0103t\u0103. Corpul ne\u00eensufle\u021bit al cunoscutului om de scen\u0103 va r\u0103m\u00e2ne aici, p\u00e2n\u0103 m\u00e2ine, c\u00e2nd va avea loc \u00eenmorm\u00e2ntarea. \u201cCu durere \u00een suflet v\u0103 anun\u021b\u0103m trecerea \u00een nefiin\u021b\u0103 a scumpului nostru so\u021b, tat\u0103 \u0219i bunic, Stoica Ion\u00a0Trupul ne\u00eensufle\u021bit va fi depus azi, 9.10.2021, la Capela Funerar\u0103 \u201cEden\u201d, iar slujba de pomenire va avea loc la Biserica \u201c\u00cen\u0103l\u021barea Domnului\u201d (Paralela 45), \u00een data de 11.10.2021, ora 12&#8243;, este anun\u021bul familiei.\u00a0\u00cenmorm\u00e2ntarea va avea loc la Cimitirul Municipal T\u00e2rgu Jiu.<\/div>\n<div dir=\"auto\">Ionu\u021b Stoica a murit vineri diminea\u021b\u0103, la Spitalul T\u00e2rgu C\u0103rbune\u0219ti, unde era internat de c\u00e2teva s\u0103pt\u0103m\u00e2ni, din cauza unor afec\u021biuni mai vechi. \u00centre timp, actorul a fost diagnosticat cu Covid.<\/div>\n","protected":false},"excerpt":{"rendered":"<p class=\"text-justify mb-2\" >Cei care vor s\u0103 aprind\u0103 o lum\u00e2nare \u0219i s\u0103 depun\u0103 flori la c\u0103p\u0103t\u00e2iul actorului Ionu\u021b Stoica pot s\u0103 \u00ee\u0219i ia r\u0103mas bun, la Capela Eden, unde sicriul a fost depus s\u00e2mb\u0103t\u0103. Corpul ne\u00eensufle\u021bit al cunoscutului om de scen\u0103 va r\u0103m\u00e2ne aici, p\u00e2n\u0103 m\u00e2ine, c\u00e2nd va [&hellip;]<\/p>\n","protected":false},"author":1,"featured_media":1640,"comment_status":"open","ping_status":"open","sticky":false,"template":"","format":"standard","meta":{"footnotes":""},"categories":[5,2,4],"tags":[],"class_list":["post-1639","post","type-post","status-publish","format-standard","has-post-thumbnail","hentry","category-actualitate","category-featured","category-ultima-ora"],"_links":{"self":[{"href":"https:\/\/radarmedia.ro\/index.php\/wp-json\/wp\/v2\/posts\/1639","targetHints":{"allow":["GET"]}}],"collection":[{"href":"https:\/\/radarmedia.ro\/index.php\/wp-json\/wp\/v2\/posts"}],"about":[{"href":"https:\/\/radarmedia.ro\/index.php\/wp-json\/wp\/v2\/types\/post"}],"author":[{"embeddable":true,"href":"https:\/\/radarmedia.ro\/index.php\/wp-json\/wp\/v2\/users\/1"}],"replies":[{"embeddable":true,"href":"https:\/\/radarmedia.ro\/index.php\/wp-json\/wp\/v2\/comments?post=1639"}],"version-history":[{"count":1,"href":"https:\/\/radarmedia.ro\/index.php\/wp-json\/wp\/v2\/posts\/1639\/revisions"}],"predecessor-version":[{"id":1641,"href":"https:\/\/radarmedia.ro\/index.php\/wp-json\/wp\/v2\/posts\/1639\/revisions\/1641"}],"wp:featuredmedia":[{"embeddable":true,"href":"https:\/\/radarmedia.ro\/index.php\/wp-json\/wp\/v2\/media\/1640"}],"wp:attachment":[{"href":"https:\/\/radarmedia.ro\/index.php\/wp-json\/wp\/v2\/media?parent=1639"}],"wp:term":[{"taxonomy":"category","embeddable":true,"href":"https:\/\/radarmedia.ro\/index.php\/wp-json\/wp\/v2\/categories?post=1639"},{"taxonomy":"post_tag","embeddable":true,"href":"https:\/\/radarmedia.ro\/index.php\/wp-json\/wp\/v2\/tags?post=1639"}],"curies":[{"name":"wp","href":"https:\/\/api.w.org\/{rel}","templated":true}]}}