{"id":1646,"date":"2021-10-10T19:46:10","date_gmt":"2021-10-10T16:46:10","guid":{"rendered":"http:\/\/radarmedia.ro\/?p=1646"},"modified":"2021-10-10T19:49:34","modified_gmt":"2021-10-10T16:49:34","slug":"fostul-primar-din-stanesti-a-murit","status":"publish","type":"post","link":"https:\/\/radarmedia.ro\/index.php\/2021\/10\/10\/fostul-primar-din-stanesti-a-murit\/","title":{"rendered":"Fostul primar din St\u0103ne\u0219ti a murit"},"content":{"rendered":"<p>Fostul primar din comuna St\u0103ne\u0219ti, Vasile P\u00eervulescu, a murit, la v\u00e2rsta de 61 de ani. Fusese diagnosticat cu o boal\u0103 dur\u0103. El a fost \u00een func\u021bia de la conducerea prim\u0103riei, p\u00e2n\u0103 \u00een 2016.<\/p>\n","protected":false},"excerpt":{"rendered":"<p class=\"text-justify mb-2\" >Fostul primar din comuna St\u0103ne\u0219ti, Vasile P\u00eervulescu, a murit, la v\u00e2rsta de 61 de ani. Fusese diagnosticat cu o boal\u0103 dur\u0103. El a fost \u00een func\u021bia de la conducerea prim\u0103riei, p\u00e2n\u0103 \u00een 2016.<\/p>\n","protected":false},"author":1,"featured_media":1649,"comment_status":"open","ping_status":"open","sticky":false,"template":"","format":"standard","meta":{"footnotes":""},"categories":[2,3,4],"tags":[],"class_list":["post-1646","post","type-post","status-publish","format-standard","has-post-thumbnail","hentry","category-featured","category-politic","category-ultima-ora"],"_links":{"self":[{"href":"https:\/\/radarmedia.ro\/index.php\/wp-json\/wp\/v2\/posts\/1646","targetHints":{"allow":["GET"]}}],"collection":[{"href":"https:\/\/radarmedia.ro\/index.php\/wp-json\/wp\/v2\/posts"}],"about":[{"href":"https:\/\/radarmedia.ro\/index.php\/wp-json\/wp\/v2\/types\/post"}],"author":[{"embeddable":true,"href":"https:\/\/radarmedia.ro\/index.php\/wp-json\/wp\/v2\/users\/1"}],"replies":[{"embeddable":true,"href":"https:\/\/radarmedia.ro\/index.php\/wp-json\/wp\/v2\/comments?post=1646"}],"version-history":[{"count":1,"href":"https:\/\/radarmedia.ro\/index.php\/wp-json\/wp\/v2\/posts\/1646\/revisions"}],"predecessor-version":[{"id":1647,"href":"https:\/\/radarmedia.ro\/index.php\/wp-json\/wp\/v2\/posts\/1646\/revisions\/1647"}],"wp:featuredmedia":[{"embeddable":true,"href":"https:\/\/radarmedia.ro\/index.php\/wp-json\/wp\/v2\/media\/1649"}],"wp:attachment":[{"href":"https:\/\/radarmedia.ro\/index.php\/wp-json\/wp\/v2\/media?parent=1646"}],"wp:term":[{"taxonomy":"category","embeddable":true,"href":"https:\/\/radarmedia.ro\/index.php\/wp-json\/wp\/v2\/categories?post=1646"},{"taxonomy":"post_tag","embeddable":true,"href":"https:\/\/radarmedia.ro\/index.php\/wp-json\/wp\/v2\/tags?post=1646"}],"curies":[{"name":"wp","href":"https:\/\/api.w.org\/{rel}","templated":true}]}}