{"id":175,"date":"2021-05-05T13:46:29","date_gmt":"2021-05-05T10:46:29","guid":{"rendered":"http:\/\/radarmedia.ro\/?p=175"},"modified":"2021-05-05T13:46:29","modified_gmt":"2021-05-05T10:46:29","slug":"incendiul-in-care-au-ars-2-case-si-un-magazin-provocat-de-un-hot","status":"publish","type":"post","link":"https:\/\/radarmedia.ro\/index.php\/2021\/05\/05\/incendiul-in-care-au-ars-2-case-si-un-magazin-provocat-de-un-hot\/","title":{"rendered":"Incendiul \u00een care au ars 2 case \u0219i un magazin, provocat de un ho\u021b"},"content":{"rendered":"<p>R\u0103sturnare de situa\u021bie, \u00een cazul incendiului ce a afectat dou\u0103 case \u0219i un magazin, \u00een comuna Scoar\u021ba. Cl\u0103dirile au ars \u00een noaptea de luni spre mar\u021bi, iar pompierii au luptat aproape patru ore cu fl\u0103c\u0103rile. Poli\u021bi\u0219tii de la Investiga\u021bii Criminale au descoperit c\u0103 focul a fost pus de un b\u0103rbat, care a \u00eencercat \u00een acest fel s\u0103 \u0219tearg\u0103 urmele unui furt. Suspectul, \u00een v\u00e2rst\u0103 de 39 de ani, a p\u0103truns \u00eentr-una din locuin\u021be, de unde a sustras mai multe bunuri, iar ca s\u0103 nu fie prins, a incendiat casa. De la aceasta, fl\u0103c\u0103rile s-au extins \u0219i la o alt\u0103 construc\u021bie, dar \u0219i la un magazin. Suspectul a fost re\u021binut de poli\u021bi\u0219ti, pentru 24 de ore. \u00a0Una dintre casele distruse, o vil\u0103, este evaluat\u0103 la peste o sut\u0103 de mii de euro. \u00cen cursul zilei de azi, b\u0103rbatul va fi prezentat Parchetului de pe l\u00e2ng\u0103 Judec\u0103toria T\u00e2rgu C\u0103rbune\u0219ti, cu propuneri legale.<\/p>\n","protected":false},"excerpt":{"rendered":"<p class=\"text-justify mb-2\" >R\u0103sturnare de situa\u021bie, \u00een cazul incendiului ce a afectat dou\u0103 case \u0219i un magazin, \u00een comuna Scoar\u021ba. Cl\u0103dirile au ars \u00een noaptea de luni spre mar\u021bi, iar pompierii au luptat aproape patru ore cu fl\u0103c\u0103rile. Poli\u021bi\u0219tii de la Investiga\u021bii Criminale au descoperit c\u0103 focul a [&hellip;]<\/p>\n","protected":false},"author":2,"featured_media":172,"comment_status":"open","ping_status":"open","sticky":false,"template":"","format":"standard","meta":{"footnotes":""},"categories":[13,2,4],"tags":[],"class_list":["post-175","post","type-post","status-publish","format-standard","has-post-thumbnail","hentry","category-eveniment","category-featured","category-ultima-ora"],"_links":{"self":[{"href":"https:\/\/radarmedia.ro\/index.php\/wp-json\/wp\/v2\/posts\/175","targetHints":{"allow":["GET"]}}],"collection":[{"href":"https:\/\/radarmedia.ro\/index.php\/wp-json\/wp\/v2\/posts"}],"about":[{"href":"https:\/\/radarmedia.ro\/index.php\/wp-json\/wp\/v2\/types\/post"}],"author":[{"embeddable":true,"href":"https:\/\/radarmedia.ro\/index.php\/wp-json\/wp\/v2\/users\/2"}],"replies":[{"embeddable":true,"href":"https:\/\/radarmedia.ro\/index.php\/wp-json\/wp\/v2\/comments?post=175"}],"version-history":[{"count":1,"href":"https:\/\/radarmedia.ro\/index.php\/wp-json\/wp\/v2\/posts\/175\/revisions"}],"predecessor-version":[{"id":176,"href":"https:\/\/radarmedia.ro\/index.php\/wp-json\/wp\/v2\/posts\/175\/revisions\/176"}],"wp:featuredmedia":[{"embeddable":true,"href":"https:\/\/radarmedia.ro\/index.php\/wp-json\/wp\/v2\/media\/172"}],"wp:attachment":[{"href":"https:\/\/radarmedia.ro\/index.php\/wp-json\/wp\/v2\/media?parent=175"}],"wp:term":[{"taxonomy":"category","embeddable":true,"href":"https:\/\/radarmedia.ro\/index.php\/wp-json\/wp\/v2\/categories?post=175"},{"taxonomy":"post_tag","embeddable":true,"href":"https:\/\/radarmedia.ro\/index.php\/wp-json\/wp\/v2\/tags?post=175"}],"curies":[{"name":"wp","href":"https:\/\/api.w.org\/{rel}","templated":true}]}}