{"id":177,"date":"2021-05-05T14:29:03","date_gmt":"2021-05-05T11:29:03","guid":{"rendered":"http:\/\/radarmedia.ro\/?p=177"},"modified":"2021-05-05T14:29:03","modified_gmt":"2021-05-05T11:29:03","slug":"doar-39-din-200-medici-de-familie-au-acceptat-sa-faca-vaccinuri-anti-covid","status":"publish","type":"post","link":"https:\/\/radarmedia.ro\/index.php\/2021\/05\/05\/doar-39-din-200-medici-de-familie-au-acceptat-sa-faca-vaccinuri-anti-covid\/","title":{"rendered":"Doar 39 din 200 medici de familie au acceptat s\u0103 fac\u0103 vaccinuri anti-Covid"},"content":{"rendered":"<div class=\"pfnyh3mw ewlkfwdl bp9cbjyn j83agx80 qnrpqo6b\">\n<div class=\"\">\n<div class=\"lzcic4wl\" tabindex=\"0\" role=\"gridcell\" data-scope=\"messages_table\">\n<div class=\"mkd47r93 rgmg9uty j83agx80 btwxx1t3 ozy5gqb7\" role=\"menu\" aria-orientation=\"horizontal\" aria-label=\"Ac\u0163iuni mesaj\">\n<div>\n<div class=\"\">\n<div class=\"oajrlxb2 gs1a9yip g5ia77u1 mtkw9kbi tlpljxtp qensuy8j ppp5ayq2 goun2846 ccm00jje s44p3ltw mk2mc5f4 rt8b4zig n8ej3o3l agehan2d sk4xxmp2 rq0escxv nhd2j8a9 pq6dq46d mg4g778l btwxx1t3 pfnyh3mw p7hjln8o kvgmc6g5 cxmmr5t8 oygrvhab hcukyx3x tgvbjcpo hpfvmrgz jb3vyjys rz4wbd8a qt6c0cv9 a8nywdso l9j0dhe7 i1ao9s8h esuyzwwr f1sip0of du4w35lb lzcic4wl abiwlrkh p8dawk7l\" tabindex=\"0\" role=\"menuitem\" aria-expanded=\"false\" aria-haspopup=\"menu\" aria-label=\"Reac\u0163ioneaz\u0103\">\n<div class=\"hcukyx3x cxmmr5t8 b73ngqbp rgmg9uty j83agx80 s45kfl79 emlxlaya bkmhp75w spb7xbtv pfnyh3mw n5ue3fu6 bp9cbjyn taijpn5t oqcyycmt nhd2j8a9 opvtebq1 l9j0dhe7\">\n<div class=\"p1ueia1e pgctjfs5 l8rlqa9s sh06z9xi i2p6rm4e\">\n<p>Nici m\u0103car un sfert dintre medicii de familie din jude\u021bul Gorj nu au intrat \u00een campania de vaccinare, prin care pot administra pacien\u021bilor serul anti Covid. Din cei aproximativ 200 de medici, doar 39 au acceptat s\u0103 fac\u0103 vaccinuri, la cabinetele individuale. Medicii de familie care s-au \u00eenscris \u00een campanie au fost instrui\u021bi de inspectorii Direc\u021biei de S\u0103n\u0103tate Public\u0103, despre folosirea serului. &#8222;La nivelul jude\u021bului Gorj avem aproximativ 200 de medici de familie, dintre ace\u0219tia \u0219i-au ar\u0103tat disponibilitatea un num\u0103r de 39 de medici, care vor s\u0103 vaccineze cabinetele d\u00e2n\u0219ilor. \u00cen prima etap\u0103 au fost instrui\u021bi de c\u0103tre personalul\u00a0 DSP, s-au luat comenzile pentru vaccin, iar ieri s-a distribuit vaccinul \u00een teritoriu, la cabinetele d\u00e2n\u0219ilor, plus cele necesare procesului de vaccinare, aici m\u0103 refer la segingi, plasturi, m\u0103\u0219ti, tot ce trebuie, pentru a decurge bine procesul de vaccinare. 200 de doze au fost comandate s\u0103pt\u0103m\u00e2na aceasta, sper\u0103m ca s\u0103pt\u0103m\u00e2na viitoare num\u0103rul acestor comenzi s\u0103 creasc\u0103. Sunt 24 de medici \u00een mediul rural \u0219i 15 \u00een mediul urban. Distribu\u021bia se face de c\u0103tre reprezentan\u021bii DSP Gorj, cu ajutorul Inspectoratului pentru Situa\u021bii de Urgen\u021b\u0103 Gorj. Se fac comenzile de vaccin la noi, noi mergem la centrul regional Craiova, unde, \u00een baza comenzilor d\u00e2n\u0219ilor, ridic\u0103m aceste vaccinuri. Apoi se fac trasee \u0219i mergem la fiecare \u00een parte \u0219i le distribuim aceste vaccinuri. Medicii au fostr instrui\u021bi s\u0103 le \u021bin\u0103 \u00een frigidere, \u00eentre 2 \u0219i 8 grade Celsius&#8221;, a declarat directorul DSP Gorj, Narcis Stoian.<\/p>\n<p><strong>Vaccin \u00eentr-o singur\u0103 doz\u0103<\/strong><\/p>\n<p>La cabinetele medicilor de familie au ajuns deja primele doze de vaccin Johnson&amp;Johnson. Avantajul distribuit prin cabinetele medicilor de familie are \u0219i un avantaj, se face \u00eentr-o singur\u0103 doz\u0103, nefiind nevoie de rapel. \u0218eful Direc\u021biei de S\u0103n\u0103tate Public\u0103 (DSP) Gorj, Narcis Stoian, spune c\u0103 pacien\u021bii ai c\u0103ror medici nu accept\u0103 s\u0103 administreze vaccinul anti-Covid pot merge la oricare alt medic intrat \u00een campanie. &#8222;Este un avantaj, deoarece persoana care se vaccineaz\u0103 beneficiaz\u0103 de o singur\u0103 doz\u0103, nu mai este nevoie \u0219i de rapel. \u00cendemn popula\u021bia s\u0103 apeleze la medicii de familie pentru vaccinare, iar persoanele care au medic de familie, dar medicul nu s-a \u00eenscris \u00een aceast\u0103 campanie de vaccinare, se pot vaccina la alt medic de familie, f\u0103r\u0103 probleme. Chiar dac\u0103 nu sunt pe listele acestuia&#8221;, a mai spus directorul DSP Gorj.<\/p>\n<p>&nbsp;<\/p>\n<\/div>\n<\/div>\n<\/div>\n<\/div>\n<\/div>\n<div>\n<div class=\"hcukyx3x cxmmr5t8 b73ngqbp rgmg9uty j83agx80 s45kfl79 emlxlaya bkmhp75w spb7xbtv pfnyh3mw n5ue3fu6 bp9cbjyn taijpn5t oqcyycmt nhd2j8a9 opvtebq1 l9j0dhe7\">\n<div class=\"oajrlxb2 gs1a9yip g5ia77u1 mtkw9kbi tlpljxtp qensuy8j ppp5ayq2 goun2846 ccm00jje s44p3ltw mk2mc5f4 rt8b4zig n8ej3o3l agehan2d sk4xxmp2 rq0escxv nhd2j8a9 pq6dq46d mg4g778l btwxx1t3 pfnyh3mw p7hjln8o kvgmc6g5 cxmmr5t8 oygrvhab hcukyx3x tgvbjcpo hpfvmrgz jb3vyjys rz4wbd8a qt6c0cv9 a8nywdso l9j0dhe7 i1ao9s8h esuyzwwr f1sip0of du4w35lb lzcic4wl abiwlrkh p8dawk7l\" tabindex=\"0\" role=\"menuitem\" aria-label=\"R\u0103spunde\">\n<div class=\"p1ueia1e pgctjfs5 l8rlqa9s sh06z9xi i2p6rm4e\"><\/div>\n<\/div>\n<\/div>\n<\/div>\n<div>\n<div class=\"\">\n<div class=\"oajrlxb2 gs1a9yip g5ia77u1 mtkw9kbi tlpljxtp qensuy8j ppp5ayq2 goun2846 ccm00jje s44p3ltw mk2mc5f4 rt8b4zig n8ej3o3l agehan2d sk4xxmp2 rq0escxv nhd2j8a9 pq6dq46d mg4g778l btwxx1t3 pfnyh3mw p7hjln8o kvgmc6g5 cxmmr5t8 oygrvhab hcukyx3x tgvbjcpo hpfvmrgz jb3vyjys rz4wbd8a qt6c0cv9 a8nywdso l9j0dhe7 i1ao9s8h esuyzwwr f1sip0of du4w35lb lzcic4wl abiwlrkh p8dawk7l\" tabindex=\"0\" role=\"menuitem\" aria-expanded=\"false\" aria-haspopup=\"menu\" aria-label=\"Mai mult\">\n<div class=\"hcukyx3x cxmmr5t8 b73ngqbp rgmg9uty j83agx80 s45kfl79 emlxlaya bkmhp75w spb7xbtv pfnyh3mw n5ue3fu6 bp9cbjyn taijpn5t oqcyycmt nhd2j8a9 opvtebq1 l9j0dhe7\">\n<div class=\"p1ueia1e pgctjfs5 l8rlqa9s sh06z9xi i2p6rm4e\"><\/div>\n<\/div>\n<\/div>\n<\/div>\n<\/div>\n<\/div>\n<\/div>\n<\/div>\n<\/div>\n","protected":false},"excerpt":{"rendered":"<p class=\"text-justify mb-2\" >Nici m\u0103car un sfert dintre medicii de familie din jude\u021bul Gorj nu au intrat \u00een campania de vaccinare, prin care pot administra pacien\u021bilor serul anti Covid. Din cei aproximativ 200 de medici, doar 39 au acceptat s\u0103 fac\u0103 vaccinuri, la cabinetele individuale. Medicii de familie [&hellip;]<\/p>\n","protected":false},"author":2,"featured_media":179,"comment_status":"open","ping_status":"open","sticky":false,"template":"","format":"standard","meta":{"footnotes":""},"categories":[5,1,2,4],"tags":[52,50,51],"class_list":["post-177","post","type-post","status-publish","format-standard","has-post-thumbnail","hentry","category-actualitate","category-fara-categorie","category-featured","category-ultima-ora","tag-johnsonjohnson","tag-medici-familie","tag-vaccin-anti-covid"],"_links":{"self":[{"href":"https:\/\/radarmedia.ro\/index.php\/wp-json\/wp\/v2\/posts\/177","targetHints":{"allow":["GET"]}}],"collection":[{"href":"https:\/\/radarmedia.ro\/index.php\/wp-json\/wp\/v2\/posts"}],"about":[{"href":"https:\/\/radarmedia.ro\/index.php\/wp-json\/wp\/v2\/types\/post"}],"author":[{"embeddable":true,"href":"https:\/\/radarmedia.ro\/index.php\/wp-json\/wp\/v2\/users\/2"}],"replies":[{"embeddable":true,"href":"https:\/\/radarmedia.ro\/index.php\/wp-json\/wp\/v2\/comments?post=177"}],"version-history":[{"count":1,"href":"https:\/\/radarmedia.ro\/index.php\/wp-json\/wp\/v2\/posts\/177\/revisions"}],"predecessor-version":[{"id":180,"href":"https:\/\/radarmedia.ro\/index.php\/wp-json\/wp\/v2\/posts\/177\/revisions\/180"}],"wp:featuredmedia":[{"embeddable":true,"href":"https:\/\/radarmedia.ro\/index.php\/wp-json\/wp\/v2\/media\/179"}],"wp:attachment":[{"href":"https:\/\/radarmedia.ro\/index.php\/wp-json\/wp\/v2\/media?parent=177"}],"wp:term":[{"taxonomy":"category","embeddable":true,"href":"https:\/\/radarmedia.ro\/index.php\/wp-json\/wp\/v2\/categories?post=177"},{"taxonomy":"post_tag","embeddable":true,"href":"https:\/\/radarmedia.ro\/index.php\/wp-json\/wp\/v2\/tags?post=177"}],"curies":[{"name":"wp","href":"https:\/\/api.w.org\/{rel}","templated":true}]}}