{"id":181,"date":"2021-05-05T14:49:26","date_gmt":"2021-05-05T11:49:26","guid":{"rendered":"http:\/\/radarmedia.ro\/?p=181"},"modified":"2021-05-05T14:59:39","modified_gmt":"2021-05-05T11:59:39","slug":"primul-strat-de-asfalt-in-cartierul-cu-ulite-din-targu-jiu","status":"publish","type":"post","link":"https:\/\/radarmedia.ro\/index.php\/2021\/05\/05\/primul-strat-de-asfalt-in-cartierul-cu-ulite-din-targu-jiu\/","title":{"rendered":"Primul strat de asfalt, \u00een cartierul cu uli\u021be din T\u00e2rgu Jiu"},"content":{"rendered":"<p>Cartierul de tineret Narciselor vede primul strat de asfalt, dup\u0103 ani buni, \u00een care str\u0103zile au concurat cu uli\u021bele de \u021bar\u0103, care, la fiecare ploaie se transformau \u00een noroi. &#8222;A \u00eenceput asfaltarea \u00een cartierul Narciselor. A\u0219a cum am mai men\u021bionat, investi\u021bia a fost preg\u0103tit\u0103 de anul trecut pentru sezonul rece, iar acum se toarn\u0103 primul strat de asfalt. Cartierul cap\u0103t\u0103 o nou\u0103 \u00eenf\u0103\u021bi\u0219are \u0219i se lucreaz\u0103 c\u00e2t mai rapid pentru ca disconfortul creat s\u0103 fie c\u00e2t mai redus. Investi\u021bia, \u00een valoare de peste 3 milioane de lei, este executat\u0103 de societatea Edilitara, iar lucr\u0103rile se \u00eencadreaz\u0103 \u00een termenul stabilit&#8221;, a fost anun\u021bul postat de primarul Marcel Romanescu, \u00eenso\u021bit de imagini cu primul tronson asfaltat din cartierul de tineret. Aproape opt ani, locuitorii din cartierul nou al T\u00e2rgu Jiului au fost am\u0103gi\u021bi cu asfaltarea str\u0103zilor \u0219i chiar au protestat, v\u0103z\u00e2nd c\u0103 drumurile sunt \u00een aceea\u0219i stare deplorabil\u0103.<\/p>\n<p><img loading=\"lazy\" decoding=\"async\" class=\"aligncenter size-large wp-image-185\" src=\"http:\/\/radarmedia.ro\/wp-content\/uploads\/2021\/05\/narciselor-1024x768.jpg\" alt=\"\" width=\"696\" height=\"522\" srcset=\"https:\/\/radarmedia.ro\/wp-content\/uploads\/2021\/05\/narciselor-1024x768.jpg 1024w, https:\/\/radarmedia.ro\/wp-content\/uploads\/2021\/05\/narciselor-300x225.jpg 300w, https:\/\/radarmedia.ro\/wp-content\/uploads\/2021\/05\/narciselor-768x576.jpg 768w, https:\/\/radarmedia.ro\/wp-content\/uploads\/2021\/05\/narciselor-1536x1152.jpg 1536w, https:\/\/radarmedia.ro\/wp-content\/uploads\/2021\/05\/narciselor-80x60.jpg 80w, https:\/\/radarmedia.ro\/wp-content\/uploads\/2021\/05\/narciselor-265x198.jpg 265w, https:\/\/radarmedia.ro\/wp-content\/uploads\/2021\/05\/narciselor-696x522.jpg 696w, https:\/\/radarmedia.ro\/wp-content\/uploads\/2021\/05\/narciselor-1068x801.jpg 1068w, https:\/\/radarmedia.ro\/wp-content\/uploads\/2021\/05\/narciselor-560x420.jpg 560w, https:\/\/radarmedia.ro\/wp-content\/uploads\/2021\/05\/narciselor.jpg 2048w\" sizes=\"auto, (max-width: 696px) 100vw, 696px\" \/><img loading=\"lazy\" decoding=\"async\" class=\"aligncenter size-full wp-image-186\" src=\"http:\/\/radarmedia.ro\/wp-content\/uploads\/2021\/05\/narciselor-asfalt.jpg\" alt=\"\" width=\"720\" height=\"960\" srcset=\"https:\/\/radarmedia.ro\/wp-content\/uploads\/2021\/05\/narciselor-asfalt.jpg 720w, https:\/\/radarmedia.ro\/wp-content\/uploads\/2021\/05\/narciselor-asfalt-225x300.jpg 225w, https:\/\/radarmedia.ro\/wp-content\/uploads\/2021\/05\/narciselor-asfalt-696x928.jpg 696w, https:\/\/radarmedia.ro\/wp-content\/uploads\/2021\/05\/narciselor-asfalt-315x420.jpg 315w\" sizes=\"auto, (max-width: 720px) 100vw, 720px\" \/><\/p>\n","protected":false},"excerpt":{"rendered":"<p class=\"text-justify mb-2\" >Cartierul de tineret Narciselor vede primul strat de asfalt, dup\u0103 ani buni, \u00een care str\u0103zile au concurat cu uli\u021bele de \u021bar\u0103, care, la fiecare ploaie se transformau \u00een noroi. &#8222;A \u00eenceput asfaltarea \u00een cartierul Narciselor. A\u0219a cum am mai men\u021bionat, investi\u021bia a fost preg\u0103tit\u0103 de [&hellip;]<\/p>\n","protected":false},"author":2,"featured_media":182,"comment_status":"open","ping_status":"open","sticky":false,"template":"","format":"standard","meta":{"footnotes":""},"categories":[3,4],"tags":[],"class_list":["post-181","post","type-post","status-publish","format-standard","has-post-thumbnail","hentry","category-politic","category-ultima-ora"],"_links":{"self":[{"href":"https:\/\/radarmedia.ro\/index.php\/wp-json\/wp\/v2\/posts\/181","targetHints":{"allow":["GET"]}}],"collection":[{"href":"https:\/\/radarmedia.ro\/index.php\/wp-json\/wp\/v2\/posts"}],"about":[{"href":"https:\/\/radarmedia.ro\/index.php\/wp-json\/wp\/v2\/types\/post"}],"author":[{"embeddable":true,"href":"https:\/\/radarmedia.ro\/index.php\/wp-json\/wp\/v2\/users\/2"}],"replies":[{"embeddable":true,"href":"https:\/\/radarmedia.ro\/index.php\/wp-json\/wp\/v2\/comments?post=181"}],"version-history":[{"count":3,"href":"https:\/\/radarmedia.ro\/index.php\/wp-json\/wp\/v2\/posts\/181\/revisions"}],"predecessor-version":[{"id":187,"href":"https:\/\/radarmedia.ro\/index.php\/wp-json\/wp\/v2\/posts\/181\/revisions\/187"}],"wp:featuredmedia":[{"embeddable":true,"href":"https:\/\/radarmedia.ro\/index.php\/wp-json\/wp\/v2\/media\/182"}],"wp:attachment":[{"href":"https:\/\/radarmedia.ro\/index.php\/wp-json\/wp\/v2\/media?parent=181"}],"wp:term":[{"taxonomy":"category","embeddable":true,"href":"https:\/\/radarmedia.ro\/index.php\/wp-json\/wp\/v2\/categories?post=181"},{"taxonomy":"post_tag","embeddable":true,"href":"https:\/\/radarmedia.ro\/index.php\/wp-json\/wp\/v2\/tags?post=181"}],"curies":[{"name":"wp","href":"https:\/\/api.w.org\/{rel}","templated":true}]}}