{"id":191,"date":"2021-05-05T17:18:56","date_gmt":"2021-05-05T14:18:56","guid":{"rendered":"http:\/\/radarmedia.ro\/?p=191"},"modified":"2021-05-05T17:18:56","modified_gmt":"2021-05-05T14:18:56","slug":"profesor-in-sanatate-publica-vom-avea-un-val-4-noi-focare-si-restrictii-la-toamna","status":"publish","type":"post","link":"https:\/\/radarmedia.ro\/index.php\/2021\/05\/05\/profesor-in-sanatate-publica-vom-avea-un-val-4-noi-focare-si-restrictii-la-toamna\/","title":{"rendered":"Profesor \u00een S\u0103n\u0103tate Public\u0103: &#8222;Vom avea un val 4. Noi focare \u0219i restric\u021bii la toamn\u0103&#8221;"},"content":{"rendered":"<p>Profesorul \u00een S\u0103n\u0103tate Public\u0103 \u0219i fostul consilier \u00een Ministerul S\u0103n\u0103t\u0103\u021bii, R\u0103zvan Chereche\u0219, sus\u021bine c\u0103, \u00een c\u00e2teva luni, vom avea un nou val Covid. Asta dup\u0103 ce ritmul vaccin\u0103rilor va sc\u0103dea substan\u021bial. &#8222;Eu anticipez c\u0103 \u00een toamn\u0103, din momentul \u00een care vremea \u00eencepe s\u0103 fie mai rece, vom avea un val 4, mai mic dec\u00e2t valul 3, pentru c\u0103 vom avea deja un procent din popula\u021bie vaccinat\u0103, dar vom avea f\u0103r\u0103 \u00eendoial\u0103 un val 4 care va duce f\u0103r\u0103 \u00eendoial\u0103 la cre\u0219terea ratei de transmitere \u0219i, \u00een unele zone, depinz\u00e2nd de rata de vaccinare care, dup\u0103 cum vede\u021bi, deja \u00eencepe s\u0103 varieze semnificativ \u00eentre regiuni &#8211; \u00een unele jude\u021be a ajuns la 40%, \u00een altele sunt procente extrem de mici. A\u0219a c\u0103 vom \u00eencepe s\u0103 avem din nou focare \u0219i restric\u021bii la toamn\u0103. Toamna \u0219i iarna viitoare se va face \u00eenc\u0103 un efort mare de vaccinare \u0219i eu sper ca \u00een prim\u0103vara anului viitor s\u0103 putem ajunge la 70% din popula\u021bie vaccinat\u0103 \u0219i s\u0103 putem s\u0103 revenim la normal&#8221;, a declarat Chereche\u0219, pentru hotnews.ro<\/p>\n<div><\/div>\n","protected":false},"excerpt":{"rendered":"<p class=\"text-justify mb-2\" >Profesorul \u00een S\u0103n\u0103tate Public\u0103 \u0219i fostul consilier \u00een Ministerul S\u0103n\u0103t\u0103\u021bii, R\u0103zvan Chereche\u0219, sus\u021bine c\u0103, \u00een c\u00e2teva luni, vom avea un nou val Covid. Asta dup\u0103 ce ritmul vaccin\u0103rilor va sc\u0103dea substan\u021bial. &#8222;Eu anticipez c\u0103 \u00een toamn\u0103, din momentul \u00een care vremea \u00eencepe s\u0103 fie mai [&hellip;]<\/p>\n","protected":false},"author":2,"featured_media":192,"comment_status":"open","ping_status":"open","sticky":false,"template":"","format":"standard","meta":{"footnotes":""},"categories":[2,3,4],"tags":[],"class_list":["post-191","post","type-post","status-publish","format-standard","has-post-thumbnail","hentry","category-featured","category-politic","category-ultima-ora"],"_links":{"self":[{"href":"https:\/\/radarmedia.ro\/index.php\/wp-json\/wp\/v2\/posts\/191","targetHints":{"allow":["GET"]}}],"collection":[{"href":"https:\/\/radarmedia.ro\/index.php\/wp-json\/wp\/v2\/posts"}],"about":[{"href":"https:\/\/radarmedia.ro\/index.php\/wp-json\/wp\/v2\/types\/post"}],"author":[{"embeddable":true,"href":"https:\/\/radarmedia.ro\/index.php\/wp-json\/wp\/v2\/users\/2"}],"replies":[{"embeddable":true,"href":"https:\/\/radarmedia.ro\/index.php\/wp-json\/wp\/v2\/comments?post=191"}],"version-history":[{"count":1,"href":"https:\/\/radarmedia.ro\/index.php\/wp-json\/wp\/v2\/posts\/191\/revisions"}],"predecessor-version":[{"id":193,"href":"https:\/\/radarmedia.ro\/index.php\/wp-json\/wp\/v2\/posts\/191\/revisions\/193"}],"wp:featuredmedia":[{"embeddable":true,"href":"https:\/\/radarmedia.ro\/index.php\/wp-json\/wp\/v2\/media\/192"}],"wp:attachment":[{"href":"https:\/\/radarmedia.ro\/index.php\/wp-json\/wp\/v2\/media?parent=191"}],"wp:term":[{"taxonomy":"category","embeddable":true,"href":"https:\/\/radarmedia.ro\/index.php\/wp-json\/wp\/v2\/categories?post=191"},{"taxonomy":"post_tag","embeddable":true,"href":"https:\/\/radarmedia.ro\/index.php\/wp-json\/wp\/v2\/tags?post=191"}],"curies":[{"name":"wp","href":"https:\/\/api.w.org\/{rel}","templated":true}]}}