{"id":1964,"date":"2021-11-10T19:26:20","date_gmt":"2021-11-10T17:26:20","guid":{"rendered":"http:\/\/radarmedia.ro\/?p=1964"},"modified":"2021-11-10T19:26:20","modified_gmt":"2021-11-10T17:26:20","slug":"dosarul-revolutiei-se-intoarce-la-parchet","status":"publish","type":"post","link":"https:\/\/radarmedia.ro\/index.php\/2021\/11\/10\/dosarul-revolutiei-se-intoarce-la-parchet\/","title":{"rendered":"Dosarul Revolu\u021biei se \u00eentoarce la parchet"},"content":{"rendered":"<p>Dosarul Revolu\u0163iei din 1989, \u00een care fostul pre\u015fedinte Ion Iliescu \u015fi fostul vicepremier Gelu Voican Voiculescu sunt acuza\u0163i de infrac\u0163iuni contra umanit\u0103\u0163ii, se \u00eentoarce la parchet. Decizia pronun\u021bat\u0103 azi de \u00cenalta Curte este definitiv\u0103. Parchetul Militar trebuie s\u0103 refac\u0103 ancheta,\u00a0 dup\u0103 aproape 32 de ani de la Revolu\u021bie.<\/p>\n","protected":false},"excerpt":{"rendered":"<p class=\"text-justify mb-2\" >Dosarul Revolu\u0163iei din 1989, \u00een care fostul pre\u015fedinte Ion Iliescu \u015fi fostul vicepremier Gelu Voican Voiculescu sunt acuza\u0163i de infrac\u0163iuni contra umanit\u0103\u0163ii, se \u00eentoarce la parchet. Decizia pronun\u021bat\u0103 azi de \u00cenalta Curte este definitiv\u0103. Parchetul Militar trebuie s\u0103 refac\u0103 ancheta,\u00a0 dup\u0103 aproape 32 de ani [&hellip;]<\/p>\n","protected":false},"author":2,"featured_media":1966,"comment_status":"open","ping_status":"open","sticky":false,"template":"","format":"standard","meta":{"footnotes":""},"categories":[2,6,4],"tags":[],"class_list":["post-1964","post","type-post","status-publish","format-standard","has-post-thumbnail","hentry","category-featured","category-national","category-ultima-ora"],"_links":{"self":[{"href":"https:\/\/radarmedia.ro\/index.php\/wp-json\/wp\/v2\/posts\/1964","targetHints":{"allow":["GET"]}}],"collection":[{"href":"https:\/\/radarmedia.ro\/index.php\/wp-json\/wp\/v2\/posts"}],"about":[{"href":"https:\/\/radarmedia.ro\/index.php\/wp-json\/wp\/v2\/types\/post"}],"author":[{"embeddable":true,"href":"https:\/\/radarmedia.ro\/index.php\/wp-json\/wp\/v2\/users\/2"}],"replies":[{"embeddable":true,"href":"https:\/\/radarmedia.ro\/index.php\/wp-json\/wp\/v2\/comments?post=1964"}],"version-history":[{"count":1,"href":"https:\/\/radarmedia.ro\/index.php\/wp-json\/wp\/v2\/posts\/1964\/revisions"}],"predecessor-version":[{"id":1965,"href":"https:\/\/radarmedia.ro\/index.php\/wp-json\/wp\/v2\/posts\/1964\/revisions\/1965"}],"wp:featuredmedia":[{"embeddable":true,"href":"https:\/\/radarmedia.ro\/index.php\/wp-json\/wp\/v2\/media\/1966"}],"wp:attachment":[{"href":"https:\/\/radarmedia.ro\/index.php\/wp-json\/wp\/v2\/media?parent=1964"}],"wp:term":[{"taxonomy":"category","embeddable":true,"href":"https:\/\/radarmedia.ro\/index.php\/wp-json\/wp\/v2\/categories?post=1964"},{"taxonomy":"post_tag","embeddable":true,"href":"https:\/\/radarmedia.ro\/index.php\/wp-json\/wp\/v2\/tags?post=1964"}],"curies":[{"name":"wp","href":"https:\/\/api.w.org\/{rel}","templated":true}]}}