{"id":1967,"date":"2021-11-11T09:07:26","date_gmt":"2021-11-11T07:07:26","guid":{"rendered":"http:\/\/radarmedia.ro\/?p=1967"},"modified":"2021-11-11T09:07:26","modified_gmt":"2021-11-11T07:07:26","slug":"incendiu-la-un-spital-covid-doi-morti-o-asistenta-ranita","status":"publish","type":"post","link":"https:\/\/radarmedia.ro\/index.php\/2021\/11\/11\/incendiu-la-un-spital-covid-doi-morti-o-asistenta-ranita\/","title":{"rendered":"Incendiu la un spital Covid. Doi mor\u021bi, o asistent\u0103 r\u0103nit\u0103"},"content":{"rendered":"<p>Un incendiu a izbucnit, joi diminea\u0163\u0103, la Sec\u0163ia Boli Infec\u0163ioase a Spitalului Jude\u0163ean Ploie\u015fti, unde sunt interna\u021bi pacien\u0163i cu COVID. Doi bolnavi, b\u0103rba\u0163i cu v\u00e2rste de 74 \u015fi 75 de ani, au murit carboniza\u0163i, al\u021bi 15 au fost transfera\u021bi, iar o asistent\u0103 a suferit arsuri. Autorit\u0103\u0163ile au activat planul ro\u015fu de interven\u021bie.<\/p>\n","protected":false},"excerpt":{"rendered":"<p class=\"text-justify mb-2\" >Un incendiu a izbucnit, joi diminea\u0163\u0103, la Sec\u0163ia Boli Infec\u0163ioase a Spitalului Jude\u0163ean Ploie\u015fti, unde sunt interna\u021bi pacien\u0163i cu COVID. Doi bolnavi, b\u0103rba\u0163i cu v\u00e2rste de 74 \u015fi 75 de ani, au murit carboniza\u0163i, al\u021bi 15 au fost transfera\u021bi, iar o asistent\u0103 a suferit arsuri. [&hellip;]<\/p>\n","protected":false},"author":1,"featured_media":1968,"comment_status":"open","ping_status":"open","sticky":false,"template":"","format":"standard","meta":{"footnotes":""},"categories":[13,2,4],"tags":[],"class_list":["post-1967","post","type-post","status-publish","format-standard","has-post-thumbnail","hentry","category-eveniment","category-featured","category-ultima-ora"],"_links":{"self":[{"href":"https:\/\/radarmedia.ro\/index.php\/wp-json\/wp\/v2\/posts\/1967","targetHints":{"allow":["GET"]}}],"collection":[{"href":"https:\/\/radarmedia.ro\/index.php\/wp-json\/wp\/v2\/posts"}],"about":[{"href":"https:\/\/radarmedia.ro\/index.php\/wp-json\/wp\/v2\/types\/post"}],"author":[{"embeddable":true,"href":"https:\/\/radarmedia.ro\/index.php\/wp-json\/wp\/v2\/users\/1"}],"replies":[{"embeddable":true,"href":"https:\/\/radarmedia.ro\/index.php\/wp-json\/wp\/v2\/comments?post=1967"}],"version-history":[{"count":1,"href":"https:\/\/radarmedia.ro\/index.php\/wp-json\/wp\/v2\/posts\/1967\/revisions"}],"predecessor-version":[{"id":1969,"href":"https:\/\/radarmedia.ro\/index.php\/wp-json\/wp\/v2\/posts\/1967\/revisions\/1969"}],"wp:featuredmedia":[{"embeddable":true,"href":"https:\/\/radarmedia.ro\/index.php\/wp-json\/wp\/v2\/media\/1968"}],"wp:attachment":[{"href":"https:\/\/radarmedia.ro\/index.php\/wp-json\/wp\/v2\/media?parent=1967"}],"wp:term":[{"taxonomy":"category","embeddable":true,"href":"https:\/\/radarmedia.ro\/index.php\/wp-json\/wp\/v2\/categories?post=1967"},{"taxonomy":"post_tag","embeddable":true,"href":"https:\/\/radarmedia.ro\/index.php\/wp-json\/wp\/v2\/tags?post=1967"}],"curies":[{"name":"wp","href":"https:\/\/api.w.org\/{rel}","templated":true}]}}