{"id":1972,"date":"2021-11-11T11:26:40","date_gmt":"2021-11-11T09:26:40","guid":{"rendered":"http:\/\/radarmedia.ro\/?p=1972"},"modified":"2021-11-11T11:26:40","modified_gmt":"2021-11-11T09:26:40","slug":"asistenta-din-ionesti-retinuta-pentru-vaccinari-la-chiuveta-lua-mita-intre-500-si-1-500-lei","status":"publish","type":"post","link":"https:\/\/radarmedia.ro\/index.php\/2021\/11\/11\/asistenta-din-ionesti-retinuta-pentru-vaccinari-la-chiuveta-lua-mita-intre-500-si-1-500-lei\/","title":{"rendered":"Asistent\u0103 din Ione\u0219ti, re\u021binut\u0103 pentru &#8222;vaccin\u0103ri la chiuvet\u0103&#8221;. Lua mit\u0103 \u00eentre 500 \u0219i 1.500 lei"},"content":{"rendered":"<p>O asistent\u0103 din comuna Ione\u0219ti a fost re\u021binut\u0103, fiind acuzat\u0103 c\u0103 lua mit\u0103, ca s\u0103 fac\u0103 &#8222;vaccin\u0103ri la chiuvet\u0103&#8221;. Dosarul este instrumentat de procurorii Parchetului de pe l\u00e2ng\u0103 Tribunalul Gorj, care au prins-o pe femeie cu bani lua\u021bi ca mit\u0103, pentru a introduce persoane nevaccinate, \u00een sistemul de certificate verzi. &#8222;Din materialul probatoriu administrat p\u00e2n\u0103 \u00een prezent a rezultat c\u0103 suspecta U.F., \u00een calitate de asistent\u0103 medical\u0103 \u00een cadrul Cabinetului medical de familie, av\u00e2nd ca atribu\u0163ii de serviciu administrarea la cerere a dozelor de vaccin anti COVID 19, introducerea \u00een sistemul informatizat a datelor persoanelor vaccinate \u015fi eliberarea adeverin\u0163elor de vaccinare (activit\u0103\u0163i reglementate de Ordinul nr. 645\/501\/2021 al Ministrului S\u0103n\u0103t\u0103\u0163ii), a pretins \u015fi primit cu titlu de mit\u0103 at\u00e2t direct, c\u00e2t \u015fi prin intermediari, diferite sume de bani, \u00eentre 500 \u015fi 1500 de lei de persoan\u0103, de la mai multe persoane, pentru a-\u015fi \u00eenc\u0103lca atribu\u0163iile de serviciu, a nu administra dozele de vaccin, introduc\u00e2nd \u00een sistemul informatizat date informatice necorespunz\u0103toare adev\u0103rului, privind vaccinarea mai multor persoane, \u00een scopul de a produce consecin\u0163e juridice, eliber\u00e2nd \u00een fals mai multe adeverin\u0163e de vaccinare, consemn\u00e2nd \u00een mod necorespunz\u0103tor adev\u0103rului c\u0103 persoanele respective ar fi fost vaccinate, dup\u0103 cum urmeaz\u0103:<br \/>\n\u00cen data de 20.09.2021 a introdus \u00een eviden\u0163a informatizat\u0103 datele pentru \u015fapte persoane\u00a0\u00a0\u015fi a emis \u00een fals \u015fapte adeverin\u0163e de vaccinare, f\u0103r\u0103 ca opera\u0163iunea de vaccinare s\u0103 fie realizat\u0103 efectiv.<br \/>\n\u00cen aceea\u015fi zi a pretins \u015fi primit cu titlu de mit\u0103 de la dou\u0103 persoane, \u00een incinta cabinetului medical, sume de bani, pentru a nu-\u015fi \u00eendeplini atribu\u0163iile de serviciu, respectiv pentru a introduce datele de identitate ale persoanelor respective \u00een eviden\u0163a informatizat\u0103 \u015fi a emite \u00een fals adeverin\u0163e de vaccinare, f\u0103r\u0103 a administra dozele de vaccin anti COVID 19.<br \/>\n\u00cen data de 21.09.2021 a introdus \u00een eviden\u0163a informatizat\u0103 datele pentru dou\u0103 persoane\u00a0\u00a0\u015fi a emis \u00een fals dou\u0103 adeverin\u0163e de vaccinare, f\u0103r\u0103 ca opera\u0163iunea de vaccinare s\u0103 fie realizat\u0103 efectiv.<br \/>\n\u00cen aceea\u015fi zi a pretins \u015fi primit cu titlu de mit\u0103, \u00een incinta cabinetului medical, sumele de c\u00e2te 1000 lei, de la dou\u0103 persoane, pentru a nu-\u015fi \u00eendeplini atribu\u0163iile de serviciu, respectiv pentru a introduce datele de identitate ale persoanelor respective \u00een eviden\u0163a informatizat\u0103 \u015fi a emite \u00een fals adeverin\u0163e de vaccinare, f\u0103r\u0103 a administra dozele de vaccin anti COVID 19.<br \/>\n\u00cen data de 30.09.2021 a introdus \u00een eviden\u0163a informatizat\u0103 datele pentru o persoan\u0103 \u015fi a emis \u00een fals o adeverin\u0163\u0103 de vaccinare, f\u0103r\u0103 ca persoana respectiv\u0103 s\u0103 fie prezent\u0103 \u00een incinta cabinetului medical, fiind prezentat\u0103 doar o copie a actului de identitate apar\u0163in\u00e2nd acesteia.<br \/>\n\u00cen aceea\u015fi zi a pretins \u015fi primit cu titlu de mit\u0103, de la o alt\u0103 persoan\u0103, intermediar, \u00een incinta cabinetului medical, suma de 1500 lei, pentru a nu-\u015fi \u00eendeplini atribu\u0163iile de serviciu conform celor men\u0163ionate mai sus.<br \/>\n\u00cen data de 12.10.2021 a introdus \u00een eviden\u0163a informatizat\u0103 datele pentru \u015fase persoane \u015fi a emis \u00een fals \u015fase adeverin\u0163e de vaccinare, f\u0103r\u0103 a administra dozele de vaccin anti COVID 19, simul\u00e2nd administrarea acestora, prin eliminarea serului \u00een vat\u0103.<br \/>\n\u00cen aceea\u015fi zi a pretins \u015fi primit cu titlu de mit\u0103, de la o alt\u0103 persoan\u0103, intermediar, \u00een incinta cabinetului medical, suma de 2000 lei, pentru a nu-\u015fi \u00eendeplini atribu\u0163iile de serviciu conform celor men\u0163ionate mai sus&#8221;, arat\u0103 un comunicat emis de Parchetul de pe l\u00e2ng\u0103 Tribunalul Gorj.<br \/>\nIeri, s-au desf\u0103\u015furat perchezi\u0163ii la domiciliul suspectei \u015fi la cabinetul medical \u00een cadrul c\u0103ruia \u00ee\u015fi desf\u0103\u015foar\u0103 activitatea. Procurorul de caz a dispus re\u021binerea ei, pentru 24 de ore, mandatul fiind emis dup\u0103 miezul nop\u021bii, la ora 0:30.<br \/>\nctivit\u0103\u0163ile de urm\u0103rire penal\u0103 au fost desf\u0103\u015furate \u00een cauz\u0103 de procurorul din cadrul Parchetului de pe l\u00e2ng\u0103 Tribunalul Gorj, cu sprijinul organelor de cercetare ale poli\u0163iei din cadrul Direc\u0163iei Generale Anticorup\u0163ie Bucure\u015fti, Direc\u0163iei Generale Anticorup\u0163ie &#8211; Serviciul Jude\u0163ean Gorj, Inspectoratului Jude\u0163ean de Poli\u0163ie Gorj, Poli\u0163iei Ora\u015fului Turceni \u015fi Direc\u0163iei de Opera\u0163iuni Speciale \u2013 Serviciul Opera\u0163iuni Speciale Gorj&#8221;, arat\u0103 un comunical al Parchetului de pe l\u00e2ng\u0103 Tribunalul Gorj.<\/p>\n","protected":false},"excerpt":{"rendered":"<p class=\"text-justify mb-2\" >O asistent\u0103 din comuna Ione\u0219ti a fost re\u021binut\u0103, fiind acuzat\u0103 c\u0103 lua mit\u0103, ca s\u0103 fac\u0103 &#8222;vaccin\u0103ri la chiuvet\u0103&#8221;. Dosarul este instrumentat de procurorii Parchetului de pe l\u00e2ng\u0103 Tribunalul Gorj, care au prins-o pe femeie cu bani lua\u021bi ca mit\u0103, pentru a introduce persoane nevaccinate, [&hellip;]<\/p>\n","protected":false},"author":1,"featured_media":626,"comment_status":"open","ping_status":"open","sticky":false,"template":"","format":"standard","meta":{"footnotes":""},"categories":[13,2,4],"tags":[],"class_list":["post-1972","post","type-post","status-publish","format-standard","has-post-thumbnail","hentry","category-eveniment","category-featured","category-ultima-ora"],"_links":{"self":[{"href":"https:\/\/radarmedia.ro\/index.php\/wp-json\/wp\/v2\/posts\/1972","targetHints":{"allow":["GET"]}}],"collection":[{"href":"https:\/\/radarmedia.ro\/index.php\/wp-json\/wp\/v2\/posts"}],"about":[{"href":"https:\/\/radarmedia.ro\/index.php\/wp-json\/wp\/v2\/types\/post"}],"author":[{"embeddable":true,"href":"https:\/\/radarmedia.ro\/index.php\/wp-json\/wp\/v2\/users\/1"}],"replies":[{"embeddable":true,"href":"https:\/\/radarmedia.ro\/index.php\/wp-json\/wp\/v2\/comments?post=1972"}],"version-history":[{"count":1,"href":"https:\/\/radarmedia.ro\/index.php\/wp-json\/wp\/v2\/posts\/1972\/revisions"}],"predecessor-version":[{"id":1973,"href":"https:\/\/radarmedia.ro\/index.php\/wp-json\/wp\/v2\/posts\/1972\/revisions\/1973"}],"wp:featuredmedia":[{"embeddable":true,"href":"https:\/\/radarmedia.ro\/index.php\/wp-json\/wp\/v2\/media\/626"}],"wp:attachment":[{"href":"https:\/\/radarmedia.ro\/index.php\/wp-json\/wp\/v2\/media?parent=1972"}],"wp:term":[{"taxonomy":"category","embeddable":true,"href":"https:\/\/radarmedia.ro\/index.php\/wp-json\/wp\/v2\/categories?post=1972"},{"taxonomy":"post_tag","embeddable":true,"href":"https:\/\/radarmedia.ro\/index.php\/wp-json\/wp\/v2\/tags?post=1972"}],"curies":[{"name":"wp","href":"https:\/\/api.w.org\/{rel}","templated":true}]}}