{"id":1979,"date":"2021-11-11T14:53:56","date_gmt":"2021-11-11T12:53:56","guid":{"rendered":"https:\/\/radarmedia.ro\/?p=1979"},"modified":"2021-11-11T14:53:56","modified_gmt":"2021-11-11T12:53:56","slug":"sala-de-jocuri-din-targu-jiu-jefuita","status":"publish","type":"post","link":"https:\/\/radarmedia.ro\/index.php\/2021\/11\/11\/sala-de-jocuri-din-targu-jiu-jefuita\/","title":{"rendered":"Sal\u0103 de jocuri din T\u00e2rgu Jiu, jefuit\u0103"},"content":{"rendered":"<p>O sal\u0103 de jocuri de noroc din T\u00e2rgu Jiu a fost spart\u0103, noaptea trecut\u0103, ho\u021bii plec\u00e2nd cu o sum\u0103 important\u0103 de bani. Poli\u021bi\u0219tii are un cerc de suspec\u021bi \u0219i a deschis un dosar penal \u00een cauz\u0103. &#8222;La data de 11 noiembrie a.c., dispeceratul IPJ Gorj a fost sesizat prin apelul 112, cu privire la faptul c\u0103 \u00een noaptea de 10\/11 noiembrie a.c., persoane necunoscute ar fi p\u0103truns \u00een incinta unei s\u0103li de jocuri din municipiul T\u00e2rgu Jiu, de unde ar fi sustras o sum\u0103 de bani.\u00a0\u00a0La fa\u021ba locului s-a deplasat o echip\u0103 operativ\u0103 din cadrul Inspectoratului de Poli\u021bie Jude\u021bean Gorj pentru cercet\u0103ri, \u00een cauz\u0103 fiind \u00eentocmit dosar penal sub aspectul s\u0103v\u00e2r\u0219irii infrac\u021biunii de furt calificat.\u00a0Prejudiciul este \u00een curs de estimare&#8221;, arat\u0103 un comunicat al Inspectoratului de Poli\u021bie Gorj.<\/p>\n","protected":false},"excerpt":{"rendered":"<p class=\"text-justify mb-2\" >O sal\u0103 de jocuri de noroc din T\u00e2rgu Jiu a fost spart\u0103, noaptea trecut\u0103, ho\u021bii plec\u00e2nd cu o sum\u0103 important\u0103 de bani. Poli\u021bi\u0219tii are un cerc de suspec\u021bi \u0219i a deschis un dosar penal \u00een cauz\u0103. &#8222;La data de 11 noiembrie a.c., dispeceratul IPJ Gorj [&hellip;]<\/p>\n","protected":false},"author":2,"featured_media":1980,"comment_status":"open","ping_status":"open","sticky":false,"template":"","format":"standard","meta":{"footnotes":""},"categories":[13,2,4],"tags":[],"class_list":["post-1979","post","type-post","status-publish","format-standard","has-post-thumbnail","hentry","category-eveniment","category-featured","category-ultima-ora"],"_links":{"self":[{"href":"https:\/\/radarmedia.ro\/index.php\/wp-json\/wp\/v2\/posts\/1979","targetHints":{"allow":["GET"]}}],"collection":[{"href":"https:\/\/radarmedia.ro\/index.php\/wp-json\/wp\/v2\/posts"}],"about":[{"href":"https:\/\/radarmedia.ro\/index.php\/wp-json\/wp\/v2\/types\/post"}],"author":[{"embeddable":true,"href":"https:\/\/radarmedia.ro\/index.php\/wp-json\/wp\/v2\/users\/2"}],"replies":[{"embeddable":true,"href":"https:\/\/radarmedia.ro\/index.php\/wp-json\/wp\/v2\/comments?post=1979"}],"version-history":[{"count":1,"href":"https:\/\/radarmedia.ro\/index.php\/wp-json\/wp\/v2\/posts\/1979\/revisions"}],"predecessor-version":[{"id":1981,"href":"https:\/\/radarmedia.ro\/index.php\/wp-json\/wp\/v2\/posts\/1979\/revisions\/1981"}],"wp:featuredmedia":[{"embeddable":true,"href":"https:\/\/radarmedia.ro\/index.php\/wp-json\/wp\/v2\/media\/1980"}],"wp:attachment":[{"href":"https:\/\/radarmedia.ro\/index.php\/wp-json\/wp\/v2\/media?parent=1979"}],"wp:term":[{"taxonomy":"category","embeddable":true,"href":"https:\/\/radarmedia.ro\/index.php\/wp-json\/wp\/v2\/categories?post=1979"},{"taxonomy":"post_tag","embeddable":true,"href":"https:\/\/radarmedia.ro\/index.php\/wp-json\/wp\/v2\/tags?post=1979"}],"curies":[{"name":"wp","href":"https:\/\/api.w.org\/{rel}","templated":true}]}}