{"id":1983,"date":"2021-11-11T16:33:45","date_gmt":"2021-11-11T14:33:45","guid":{"rendered":"https:\/\/radarmedia.ro\/?p=1983"},"modified":"2021-11-11T16:33:45","modified_gmt":"2021-11-11T14:33:45","slug":"sindicalist-sub-15-crestere-a-punctului-de-pensie-nu-duce-la-o-ameliorare","status":"publish","type":"post","link":"https:\/\/radarmedia.ro\/index.php\/2021\/11\/11\/sindicalist-sub-15-crestere-a-punctului-de-pensie-nu-duce-la-o-ameliorare\/","title":{"rendered":"Sindicalist: &#8222;Sub 15% cre\u015ftere a punctului de pensie nu duce la o ameliorare&#8221;"},"content":{"rendered":"<p>Majorarea pensiilor nu se va sim\u021bi, dac\u0103 este mai mic\u0103 de 15%, a declarat pre\u015fedintele Federa\u0163iei Na\u0163ionale &#8222;Solidaritatea&#8221; a Pensionarilor din Rom\u00e2nia (FNSPR), Marin Iancu, citat de Agerpres. &#8222;Se tot vorbe\u015fte, prin ministrul demis al Muncii, de o m\u0103rire de 5%, 6%, p\u00e2n\u0103 la 12%, dar observ\u0103m c\u0103 acest lucru se t\u0103r\u0103g\u0103neaz\u0103 de la o zi la alta \u015fi se \u00eentinde pe o perioad\u0103 foarte mare, situa\u0163ie pe care noi pensionarii nu o mai accept\u0103m. Ori \u00een condi\u0163iile \u00een care toat\u0103 via\u0163a s-a scumpit, mai pu\u0163in de 15% cre\u015ftere a punctului de pensie sau de indexare nu poate fi acceptat\u0103 \u015fi nu poate duce la o ameliorare a vie\u0163ii pensionarilor&#8221;, a afirmat Marin Iancu.<\/p>\n","protected":false},"excerpt":{"rendered":"<p class=\"text-justify mb-2\" >Majorarea pensiilor nu se va sim\u021bi, dac\u0103 este mai mic\u0103 de 15%, a declarat pre\u015fedintele Federa\u0163iei Na\u0163ionale &#8222;Solidaritatea&#8221; a Pensionarilor din Rom\u00e2nia (FNSPR), Marin Iancu, citat de Agerpres. &#8222;Se tot vorbe\u015fte, prin ministrul demis al Muncii, de o m\u0103rire de 5%, 6%, p\u00e2n\u0103 la 12%, [&hellip;]<\/p>\n","protected":false},"author":2,"featured_media":1984,"comment_status":"open","ping_status":"open","sticky":false,"template":"","format":"standard","meta":{"footnotes":""},"categories":[2,3,4],"tags":[],"class_list":["post-1983","post","type-post","status-publish","format-standard","has-post-thumbnail","hentry","category-featured","category-politic","category-ultima-ora"],"_links":{"self":[{"href":"https:\/\/radarmedia.ro\/index.php\/wp-json\/wp\/v2\/posts\/1983","targetHints":{"allow":["GET"]}}],"collection":[{"href":"https:\/\/radarmedia.ro\/index.php\/wp-json\/wp\/v2\/posts"}],"about":[{"href":"https:\/\/radarmedia.ro\/index.php\/wp-json\/wp\/v2\/types\/post"}],"author":[{"embeddable":true,"href":"https:\/\/radarmedia.ro\/index.php\/wp-json\/wp\/v2\/users\/2"}],"replies":[{"embeddable":true,"href":"https:\/\/radarmedia.ro\/index.php\/wp-json\/wp\/v2\/comments?post=1983"}],"version-history":[{"count":1,"href":"https:\/\/radarmedia.ro\/index.php\/wp-json\/wp\/v2\/posts\/1983\/revisions"}],"predecessor-version":[{"id":1985,"href":"https:\/\/radarmedia.ro\/index.php\/wp-json\/wp\/v2\/posts\/1983\/revisions\/1985"}],"wp:featuredmedia":[{"embeddable":true,"href":"https:\/\/radarmedia.ro\/index.php\/wp-json\/wp\/v2\/media\/1984"}],"wp:attachment":[{"href":"https:\/\/radarmedia.ro\/index.php\/wp-json\/wp\/v2\/media?parent=1983"}],"wp:term":[{"taxonomy":"category","embeddable":true,"href":"https:\/\/radarmedia.ro\/index.php\/wp-json\/wp\/v2\/categories?post=1983"},{"taxonomy":"post_tag","embeddable":true,"href":"https:\/\/radarmedia.ro\/index.php\/wp-json\/wp\/v2\/tags?post=1983"}],"curies":[{"name":"wp","href":"https:\/\/api.w.org\/{rel}","templated":true}]}}