{"id":2033,"date":"2021-11-16T15:58:24","date_gmt":"2021-11-16T13:58:24","guid":{"rendered":"https:\/\/radarmedia.ro\/?p=2033"},"modified":"2021-11-16T15:59:47","modified_gmt":"2021-11-16T13:59:47","slug":"deputat-tensiunea-sociala-in-complexele-oltenia-si-hunedoara-este-din-ce-in-ce-mai-mare","status":"publish","type":"post","link":"https:\/\/radarmedia.ro\/index.php\/2021\/11\/16\/deputat-tensiunea-sociala-in-complexele-oltenia-si-hunedoara-este-din-ce-in-ce-mai-mare\/","title":{"rendered":"Deputat: &#8222;Tensiunea social\u0103 \u00een Complexele Oltenia \u015fi Hunedoara este din ce \u00een ce mai mare&#8221;"},"content":{"rendered":"<p>Deputatul USR, Radu Miru\u021b\u0103, a dat, azi, o declara\u021bie de pres\u0103, \u00een care atrage aten\u021bia asupra tensiunilor din Complexele Energetice Oltenia \u0219i Hunedoara, din cauza tergivers\u0103rii aplic\u0103rii legii ce prevede reducerea v\u00e2rstei de pensionare. &#8222;La \u201dad\u0103postul\u201d crizei politice, politicienii din PNL \u015fi PSD evit\u0103 un dialog adev\u0103rat cu federa\u0163iile sindicale \u015fi luarea deciziilor care se impun pentru ca solu\u0163iile legale cerute de acestea s\u0103 fie onorate. \u00cen aceast\u0103 s\u0103pt\u0103m\u00e2n\u0103, continu\u0103 protestele la T\u00e2rgu-Jiu \u015fi nu numai, fa\u0163\u0103 de neaplicarea legii 197\/2021 [&#8230;]. Reducerea v\u00e2rstei de pensionare la 52 de ani, dac\u0103 exist\u0103 o condi\u0163ie de vechime \u00een domeniu de 25 de ani, este un drept legitim si legal al lucratorilor minieri si energeticieni din CEO si CEH. Din p\u0103cate, acest drept este c\u0103lcat \u00een picioare de peste 100 de zile, de la momentul promulg\u0103rii legii de c\u0103tre \u015feful statului&#8221;, arat\u0103 deputatul USR, \u00een declara\u021bia publicat\u0103 pe site-ul Camerei Deputa\u021bilor.<\/p>\n<p>Radu Miru\u021b\u0103 expune problemele din unit\u0103\u021bile din cadrul Complexului Energetic Oltenia, generate de lipsa investi\u021biilor \u0219i a condi\u021biilor de securitate \u00een munc\u0103. &#8222;Moartea unui muncitor, s\u0103pt\u0103m\u00e2na trecut\u0103, la Cariera Ro\u015fia, ca urmare a condi\u0163iilor viciate privind securitatea muncii, a st\u00e2rnit un val de revolt\u0103 printre mineri. Ei reclam\u0103 lipsa investitiilor \u00een utilaje noi sau \u00een repararea celor existente, precum \u015fi deficien\u0163e majore \u00een alimentarea cu carburant a utilajelor. Mai mult, exist\u0103 numeroase semnale, potrivit declaratiilor liderilor sindicali, care indic\u0103 practici ilegale, at\u00e2t in privinta alimentarii cu carburant, c\u00e2t \u015fi \u00een cea a repar\u0103rii unor ma\u015fini personale ori de serviciu ale unor conduc\u0103tori din CEO, \u00een dauna utilajelor pe care lucreaz\u0103 muncitorii. Am solicitat autoritatilor \u00een drept din Gorj s\u0103 ancheteze aceste aspecte \u015fi s\u0103 fie prezentat un raport care s\u0103 ajute la evitarea lor pe viitor. De asemenea, atrag din nou aten\u0163ia Ministerului Muncii, s\u0103 nu mai ignore cererile repetate ale sindicatelor din CEO \u015fi CEH, pentru ca legea 197\/2021 s\u0103 fie pus\u0103 imediat \u015fi \u00een integralitatea ei \u00een aplicare. Nu este nevoie \u00een niciun caz de escaladarea nemul\u0163umirilor lucr\u0103torilor din complexele energetice. Cine va raspunde, dac\u0103 revolta mocnita a minerilor \u015fi energeticienilor va izbucni?&#8221;, \u00eentreab\u0103, retoric, deputatul de Gorj.<\/p>\n","protected":false},"excerpt":{"rendered":"<p class=\"text-justify mb-2\" >Deputatul USR, Radu Miru\u021b\u0103, a dat, azi, o declara\u021bie de pres\u0103, \u00een care atrage aten\u021bia asupra tensiunilor din Complexele Energetice Oltenia \u0219i Hunedoara, din cauza tergivers\u0103rii aplic\u0103rii legii ce prevede reducerea v\u00e2rstei de pensionare. &#8222;La \u201dad\u0103postul\u201d crizei politice, politicienii din PNL \u015fi PSD evit\u0103 un [&hellip;]<\/p>\n","protected":false},"author":2,"featured_media":558,"comment_status":"open","ping_status":"open","sticky":false,"template":"","format":"standard","meta":{"footnotes":""},"categories":[2,3,4],"tags":[],"class_list":["post-2033","post","type-post","status-publish","format-standard","has-post-thumbnail","hentry","category-featured","category-politic","category-ultima-ora"],"_links":{"self":[{"href":"https:\/\/radarmedia.ro\/index.php\/wp-json\/wp\/v2\/posts\/2033","targetHints":{"allow":["GET"]}}],"collection":[{"href":"https:\/\/radarmedia.ro\/index.php\/wp-json\/wp\/v2\/posts"}],"about":[{"href":"https:\/\/radarmedia.ro\/index.php\/wp-json\/wp\/v2\/types\/post"}],"author":[{"embeddable":true,"href":"https:\/\/radarmedia.ro\/index.php\/wp-json\/wp\/v2\/users\/2"}],"replies":[{"embeddable":true,"href":"https:\/\/radarmedia.ro\/index.php\/wp-json\/wp\/v2\/comments?post=2033"}],"version-history":[{"count":3,"href":"https:\/\/radarmedia.ro\/index.php\/wp-json\/wp\/v2\/posts\/2033\/revisions"}],"predecessor-version":[{"id":2036,"href":"https:\/\/radarmedia.ro\/index.php\/wp-json\/wp\/v2\/posts\/2033\/revisions\/2036"}],"wp:featuredmedia":[{"embeddable":true,"href":"https:\/\/radarmedia.ro\/index.php\/wp-json\/wp\/v2\/media\/558"}],"wp:attachment":[{"href":"https:\/\/radarmedia.ro\/index.php\/wp-json\/wp\/v2\/media?parent=2033"}],"wp:term":[{"taxonomy":"category","embeddable":true,"href":"https:\/\/radarmedia.ro\/index.php\/wp-json\/wp\/v2\/categories?post=2033"},{"taxonomy":"post_tag","embeddable":true,"href":"https:\/\/radarmedia.ro\/index.php\/wp-json\/wp\/v2\/tags?post=2033"}],"curies":[{"name":"wp","href":"https:\/\/api.w.org\/{rel}","templated":true}]}}