{"id":2042,"date":"2021-11-17T12:40:21","date_gmt":"2021-11-17T10:40:21","guid":{"rendered":"http:\/\/radarmedia.ro\/?p=2042"},"modified":"2021-11-17T12:40:21","modified_gmt":"2021-11-17T10:40:21","slug":"mirul-nu-l-a-mai-salvat-sova-condamnat-la-4-ani-de-inchisoare","status":"publish","type":"post","link":"https:\/\/radarmedia.ro\/index.php\/2021\/11\/17\/mirul-nu-l-a-mai-salvat-sova-condamnat-la-4-ani-de-inchisoare\/","title":{"rendered":"Mirul nu l-a mai salvat. \u0218ova, condamnat la 4 ani de \u00eenchisoare"},"content":{"rendered":"<p>Fostul ministru Dan \u0218ova, protagonistul scenei \u00een care era uns cu mir, ca s\u0103 fie protejat la ridicarea imunit\u0103\u021bii, a fost condamnat la patru ani de \u00eenchisoare cu executare. Pronun\u021barea a fost dat\u0103 de Curtea de Apel Bucure\u015fti, pentru trafic de influen\u0163\u0103 \u00een dosarul &#8222;CET Govora&#8221;. Judec\u0103torii au mai dispus confiscarea sumei de 100.000 euro de la Dan \u015eova, fiind men\u0163inut sechestrul pe bunurile acestuia p\u00e2n\u0103 la concuren\u0163a acestei sume. De asemenea, instan\u0163a a admis ac\u0163iunea civil\u0103 exercitat\u0103 de CET Govora SA &#8211; R\u00e2mnicu V\u00e2lcea \u015fi l-a obligat pe Mihai B\u0103lan la plata sumei de 1.056.141 lei.<br \/>\nPotrivit DNA, \u00een perioada octombrie 2011 &#8211; iulie 2014, Dan \u015eova a pretins sume de bani \u015fi a primit \u00een total 100.000 de euro de la un denun\u0163\u0103tor \u00een schimbul trafic\u0103rii influen\u0163ei sale reale pe care o avea pe l\u00e2ng\u0103 Mihai B\u0103lan, director general al CET Govora la acea vreme, astfel \u00eenc\u00e2t acesta din urm\u0103 s\u0103 asigure \u00eencheierea unor contracte de asisten\u0163\u0103 juridic\u0103 cu o anumit\u0103 societate de avocatur\u0103, contracte de tip abonament lunar, la o valoare de 10.000 euro pe lun\u0103.<\/p>\n","protected":false},"excerpt":{"rendered":"<p class=\"text-justify mb-2\" >Fostul ministru Dan \u0218ova, protagonistul scenei \u00een care era uns cu mir, ca s\u0103 fie protejat la ridicarea imunit\u0103\u021bii, a fost condamnat la patru ani de \u00eenchisoare cu executare. Pronun\u021barea a fost dat\u0103 de Curtea de Apel Bucure\u015fti, pentru trafic de influen\u0163\u0103 \u00een dosarul &#8222;CET [&hellip;]<\/p>\n","protected":false},"author":1,"featured_media":2043,"comment_status":"open","ping_status":"open","sticky":false,"template":"","format":"standard","meta":{"footnotes":""},"categories":[2,3,4],"tags":[],"class_list":["post-2042","post","type-post","status-publish","format-standard","has-post-thumbnail","hentry","category-featured","category-politic","category-ultima-ora"],"_links":{"self":[{"href":"https:\/\/radarmedia.ro\/index.php\/wp-json\/wp\/v2\/posts\/2042","targetHints":{"allow":["GET"]}}],"collection":[{"href":"https:\/\/radarmedia.ro\/index.php\/wp-json\/wp\/v2\/posts"}],"about":[{"href":"https:\/\/radarmedia.ro\/index.php\/wp-json\/wp\/v2\/types\/post"}],"author":[{"embeddable":true,"href":"https:\/\/radarmedia.ro\/index.php\/wp-json\/wp\/v2\/users\/1"}],"replies":[{"embeddable":true,"href":"https:\/\/radarmedia.ro\/index.php\/wp-json\/wp\/v2\/comments?post=2042"}],"version-history":[{"count":1,"href":"https:\/\/radarmedia.ro\/index.php\/wp-json\/wp\/v2\/posts\/2042\/revisions"}],"predecessor-version":[{"id":2044,"href":"https:\/\/radarmedia.ro\/index.php\/wp-json\/wp\/v2\/posts\/2042\/revisions\/2044"}],"wp:featuredmedia":[{"embeddable":true,"href":"https:\/\/radarmedia.ro\/index.php\/wp-json\/wp\/v2\/media\/2043"}],"wp:attachment":[{"href":"https:\/\/radarmedia.ro\/index.php\/wp-json\/wp\/v2\/media?parent=2042"}],"wp:term":[{"taxonomy":"category","embeddable":true,"href":"https:\/\/radarmedia.ro\/index.php\/wp-json\/wp\/v2\/categories?post=2042"},{"taxonomy":"post_tag","embeddable":true,"href":"https:\/\/radarmedia.ro\/index.php\/wp-json\/wp\/v2\/tags?post=2042"}],"curies":[{"name":"wp","href":"https:\/\/api.w.org\/{rel}","templated":true}]}}