{"id":2045,"date":"2021-11-17T13:13:54","date_gmt":"2021-11-17T11:13:54","guid":{"rendered":"http:\/\/radarmedia.ro\/?p=2045"},"modified":"2021-11-17T13:13:54","modified_gmt":"2021-11-17T11:13:54","slug":"executor-judecatoresc-ridicat-de-politisti-si-dus-in-penitenciar","status":"publish","type":"post","link":"https:\/\/radarmedia.ro\/index.php\/2021\/11\/17\/executor-judecatoresc-ridicat-de-politisti-si-dus-in-penitenciar\/","title":{"rendered":"Executor judec\u0103toresc, ridicat de poli\u021bi\u0219ti \u0219i dus \u00een penitenciar"},"content":{"rendered":"<p>Executorul judec\u0103toresc Nicolae Gagiu a fost ridicat, asear\u0103, de poli\u021bi\u0219ti \u0219i dus \u00een Penitenciarul T\u00e2rgu Jiu, dup\u0103 ce Curtea de Apel Craiova l-a condamnat la \u0219ase ani \u0219i \u0219ase luni de \u00eenchisoare. &#8222;La data de 16 noiembrie a.c., poli\u021bi\u0219ti din cadrul Serviciului de Investiga\u021bii Criminale au pus \u00een executare un mandat de executare a pedepsei \u00eenchisorii emis de Curtea de Apel Craiova, pe numele unui b\u0103rbat de 61 de ani, din municipiul T\u00e2rgu Jiu, condamnat la o pedeaps\u0103 de 6 ani \u0219i 6 luni \u00eenchisoare, pentru s\u0103v\u00e2r\u0219irea infrac\u021biunii de abuz \u00een serviciu&#8221;, au confirmat reprezentan\u021bii IPJ Gorj. Gagiu a fost trimis \u00een judecat\u0103 de DNA, pentru abuz \u00een serviciu \u0219i sp\u0103lare de bani. &#8222;\u00cen perioada 2015 &#8211; noiembrie 2020, Nicolae Gagiu, \u00een calitate de executor judec\u0103toresc, prin actele \u00eentocmite cu \u00eenc\u0103lcarea prevederilor legale, \u00een contextul desf\u0103\u015fur\u0103rii a trei proceduri de executare silit\u0103, ar fi cauzat un prejudiciu debitorului Societatea Complexul Energetic Oltenia SA \u00een valoare de 1.485.325 lei lei concomitent cu ob\u0163inerea pentru sine a unui folos necuvenit \u00een acela\u015fi cuantum\u021a, se arat\u0103 \u00eentr-un comunicat DNA. \u00cen rechizitoriul \u00eentocmit de procurori, se arat\u0103 c\u0103 prin deciziile instan\u0163elor s-a dispus \u00een mod definitiv \u00eentoarcerea la debitor a sumelor executate silit de c\u0103tre executorul judec\u0103toresc, \u00eens\u0103 Nicolae Gagiu a transferat \u015fi ulterior a retras din contul de consemnare, \u00een interes personal, suma men\u0163ionat\u0103.<\/p>\n","protected":false},"excerpt":{"rendered":"<p class=\"text-justify mb-2\" >Executorul judec\u0103toresc Nicolae Gagiu a fost ridicat, asear\u0103, de poli\u021bi\u0219ti \u0219i dus \u00een Penitenciarul T\u00e2rgu Jiu, dup\u0103 ce Curtea de Apel Craiova l-a condamnat la \u0219ase ani \u0219i \u0219ase luni de \u00eenchisoare. &#8222;La data de 16 noiembrie a.c., poli\u021bi\u0219ti din cadrul Serviciului de Investiga\u021bii Criminale [&hellip;]<\/p>\n","protected":false},"author":1,"featured_media":49,"comment_status":"open","ping_status":"open","sticky":false,"template":"","format":"standard","meta":{"footnotes":""},"categories":[2,3,4],"tags":[],"class_list":["post-2045","post","type-post","status-publish","format-standard","has-post-thumbnail","hentry","category-featured","category-politic","category-ultima-ora"],"_links":{"self":[{"href":"https:\/\/radarmedia.ro\/index.php\/wp-json\/wp\/v2\/posts\/2045","targetHints":{"allow":["GET"]}}],"collection":[{"href":"https:\/\/radarmedia.ro\/index.php\/wp-json\/wp\/v2\/posts"}],"about":[{"href":"https:\/\/radarmedia.ro\/index.php\/wp-json\/wp\/v2\/types\/post"}],"author":[{"embeddable":true,"href":"https:\/\/radarmedia.ro\/index.php\/wp-json\/wp\/v2\/users\/1"}],"replies":[{"embeddable":true,"href":"https:\/\/radarmedia.ro\/index.php\/wp-json\/wp\/v2\/comments?post=2045"}],"version-history":[{"count":1,"href":"https:\/\/radarmedia.ro\/index.php\/wp-json\/wp\/v2\/posts\/2045\/revisions"}],"predecessor-version":[{"id":2046,"href":"https:\/\/radarmedia.ro\/index.php\/wp-json\/wp\/v2\/posts\/2045\/revisions\/2046"}],"wp:featuredmedia":[{"embeddable":true,"href":"https:\/\/radarmedia.ro\/index.php\/wp-json\/wp\/v2\/media\/49"}],"wp:attachment":[{"href":"https:\/\/radarmedia.ro\/index.php\/wp-json\/wp\/v2\/media?parent=2045"}],"wp:term":[{"taxonomy":"category","embeddable":true,"href":"https:\/\/radarmedia.ro\/index.php\/wp-json\/wp\/v2\/categories?post=2045"},{"taxonomy":"post_tag","embeddable":true,"href":"https:\/\/radarmedia.ro\/index.php\/wp-json\/wp\/v2\/tags?post=2045"}],"curies":[{"name":"wp","href":"https:\/\/api.w.org\/{rel}","templated":true}]}}