{"id":2109,"date":"2021-11-22T16:10:58","date_gmt":"2021-11-22T14:10:58","guid":{"rendered":"http:\/\/radarmedia.ro\/?p=2109"},"modified":"2021-11-22T16:10:58","modified_gmt":"2021-11-22T14:10:58","slug":"insolventa-clubului-dinamo-tribunalul-a-aprobat-planul-de-reorganizare","status":"publish","type":"post","link":"https:\/\/radarmedia.ro\/index.php\/2021\/11\/22\/insolventa-clubului-dinamo-tribunalul-a-aprobat-planul-de-reorganizare\/","title":{"rendered":"Insolven\u021ba Clubului Dinamo. Tribunalul a aprobat planul de reorganizare"},"content":{"rendered":"<p>Tribunalul Bucure\u015fti a aprobat planul de reorganizare \u00een dosarul de insolven\u0163\u0103 al Clubului Dinamo, a declarat administratorul judiciar, R\u0103zvan Z\u0103v\u0103leanu, citat de Agerpres. &#8222;Planul a fost previzionat pentru plata a sut\u0103 la sut\u0103 din datoriile c\u0103tre creditori, o s\u0103 vedem acum \u00een ce m\u0103sur\u0103 acest lucru va fi posibil. Termenul de achitare este pe trei ani, iar tabelul de crean\u0163e se ridic\u0103 undeva la 7-8 milioane de euro&#8221;, a afirmat Z\u0103v\u0103leanu.<\/p>\n<p>Acesta a explicat c\u0103 prin aprobarea planului de reorganizare, echipa Dinamo a sc\u0103pat \u015fi de sanc\u0163iunea cu depunctarea din partea FRF. Conform regulamentelor privind monitorizarea financiar\u0103 a cluburilor, 30 noiembrie este data limit\u0103 la care Dinamo trebuie s\u0103 prezinte documente care s\u0103 ateste zero datorii c\u0103tre ter\u0163i sau un plan de reorganizare aprobat de judec\u0103torul sindic \u00een dosarul de insolven\u0163\u0103. &#8222;\u00cen acest fel Dinamo scap\u0103 de acea sanc\u0163iune cu depunctarea pentru c\u0103 30 noiembrie era data limit\u0103 pentru monitorizarea financiar\u0103 pe care o efectueaz\u0103 Federa\u0163ia Rom\u00e2n\u0103 de Fotbal. Iar la acea dat\u0103 noi vom putea fi \u00een m\u0103sur\u0103 s\u0103 prezent\u0103m planul de reorganizare al clubului aprobat de Tribunalul Bucure\u015fti. Noi \u015ftiam acest lucru \u015fi totul a fost pe muchie de cu\u0163it, dar e bine atunci c\u00e2nd se termin\u0103 cu bine. Judec\u0103torul sindic a \u00een\u0163eles urgen\u0163a noastr\u0103 \u015fi mai mult dec\u00e2t at\u00e2t noi nu am avut dec\u00e2t o singur\u0103 contesta\u0163ie la planul de reorganizare&#8230; \u015fi nici la tabelul de crean\u0163e nu au fost prea multe contesta\u0163ii, doar trei sau patru \u015fi au fost rezolvate foarte repede. A\u015fa c\u0103 din fericire procedura s-a desf\u0103\u015furat a\u015fa cum ne-am dorit, adic\u0103 repede&#8221;, a explicat R\u0103zvan Z\u0103v\u0103leanu.<\/p>\n<p>La 1 iulie, Tribunalul Bucure\u015fti a hot\u0103r\u00e2t deschiderea procedurii de insolven\u0163\u0103. Aceasta este cea de-a doua procedur\u0103 a insolven\u0163ei declan\u015fate de SC Dinamo 1948 SA, dup\u0103 ce societatea fusese reintrodus\u0103 \u00een circuitul economic \u00een septembrie 2015.<\/p>\n","protected":false},"excerpt":{"rendered":"<p class=\"text-justify mb-2\" >Tribunalul Bucure\u015fti a aprobat planul de reorganizare \u00een dosarul de insolven\u0163\u0103 al Clubului Dinamo, a declarat administratorul judiciar, R\u0103zvan Z\u0103v\u0103leanu, citat de Agerpres. &#8222;Planul a fost previzionat pentru plata a sut\u0103 la sut\u0103 din datoriile c\u0103tre creditori, o s\u0103 vedem acum \u00een ce m\u0103sur\u0103 acest [&hellip;]<\/p>\n","protected":false},"author":1,"featured_media":2110,"comment_status":"open","ping_status":"open","sticky":false,"template":"","format":"standard","meta":{"footnotes":""},"categories":[2,6,4],"tags":[],"class_list":["post-2109","post","type-post","status-publish","format-standard","has-post-thumbnail","hentry","category-featured","category-national","category-ultima-ora"],"_links":{"self":[{"href":"https:\/\/radarmedia.ro\/index.php\/wp-json\/wp\/v2\/posts\/2109","targetHints":{"allow":["GET"]}}],"collection":[{"href":"https:\/\/radarmedia.ro\/index.php\/wp-json\/wp\/v2\/posts"}],"about":[{"href":"https:\/\/radarmedia.ro\/index.php\/wp-json\/wp\/v2\/types\/post"}],"author":[{"embeddable":true,"href":"https:\/\/radarmedia.ro\/index.php\/wp-json\/wp\/v2\/users\/1"}],"replies":[{"embeddable":true,"href":"https:\/\/radarmedia.ro\/index.php\/wp-json\/wp\/v2\/comments?post=2109"}],"version-history":[{"count":1,"href":"https:\/\/radarmedia.ro\/index.php\/wp-json\/wp\/v2\/posts\/2109\/revisions"}],"predecessor-version":[{"id":2111,"href":"https:\/\/radarmedia.ro\/index.php\/wp-json\/wp\/v2\/posts\/2109\/revisions\/2111"}],"wp:featuredmedia":[{"embeddable":true,"href":"https:\/\/radarmedia.ro\/index.php\/wp-json\/wp\/v2\/media\/2110"}],"wp:attachment":[{"href":"https:\/\/radarmedia.ro\/index.php\/wp-json\/wp\/v2\/media?parent=2109"}],"wp:term":[{"taxonomy":"category","embeddable":true,"href":"https:\/\/radarmedia.ro\/index.php\/wp-json\/wp\/v2\/categories?post=2109"},{"taxonomy":"post_tag","embeddable":true,"href":"https:\/\/radarmedia.ro\/index.php\/wp-json\/wp\/v2\/tags?post=2109"}],"curies":[{"name":"wp","href":"https:\/\/api.w.org\/{rel}","templated":true}]}}