{"id":2174,"date":"2021-11-27T13:04:40","date_gmt":"2021-11-27T11:04:40","guid":{"rendered":"http:\/\/radarmedia.ro\/?p=2174"},"modified":"2021-11-27T13:04:40","modified_gmt":"2021-11-27T11:04:40","slug":"romania-primeste-prima-transa-de-15-miliarde-euro-din-pnrr","status":"publish","type":"post","link":"https:\/\/radarmedia.ro\/index.php\/2021\/11\/27\/romania-primeste-prima-transa-de-15-miliarde-euro-din-pnrr\/","title":{"rendered":"Rom\u00e2nia prime\u0219te prima tran\u0219\u0103, de 15 miliarde euro, din PNRR"},"content":{"rendered":"<p>Noul ministru al Finan\u021belor, Adrian C\u00e2ciu, a semnat vineri acordul de \u00eemprumut prin Mecanismul de Redresare \u0219i Rezilien\u021b\u0103, de 15 miliarde euro, arat\u0103 un comunicat emis de Ministerul Finan\u021belor. \u00cemprumutul va fi folosit pentru finan\u021barea deficitului bugetului de stat \u0219i pentru refinan\u021barea datoriei publice guvernamentale, pe baza cheltuielilor bugetare efectuate pentru reformele prev\u0103zute \u00een Planul Na\u021bional de Redresare \u0219i Rezilien\u021b\u0103 (PNRR). Sumele vor fi disponibilizate \u00een 10 rate.<\/p>\n<p>Comisia European\u0103 va disponibiliza o prefinan\u021bare de 13% din \u00eemprumut (cca 1,94 mld. EUR), dup\u0103 intrarea \u00een vigoare a acordului.<br \/>\n&#8222;Am f\u00e3cut un pas important pentru ca Rom\u00e2nia s\u0103 primeasc\u00e3 primii bani prin Mecanismul de Redresare \u0219i Rezilien\u021b\u0103. Este vorba de aproximativ 15 miliarde de euro aferente cheltuielilor bugetare necesare pentru reformele \u0219i investi\u021biile prev\u0103zute \u00een PNRR. Acum urmeaz\u0103 ca Ministerul Finan\u021belor s\u0103 \u00eencheie un Acord subsidiar cu Ministerul Investi\u021biilor \u0219i Proiectelor Europene, prin care se vor stabili drepturile \u0219i obliga\u021biile p\u0103r\u021bilor \u00een aplicarea prevederilor Acordului de \u00eemprumut, inclusiv monitorizarea atingerii jaloanelor \u0219i a \u021bintelor \u0219i \u00eentocmirea raport\u0103rilor solicitate de Comisia European\u0103&#8221;, a declarat Adrian C\u00e2ciu, ministrul Finan\u021belor.<\/p>\n<p>Prin PNRR, Rom\u00e2nia beneficiaz\u0103 de aproximativ 29,18 miliarde de euro, dintre care 14,24 miliarde de euro grant, iar diferen\u021ba este \u00eemprumut.<\/p>\n","protected":false},"excerpt":{"rendered":"<p class=\"text-justify mb-2\" >Noul ministru al Finan\u021belor, Adrian C\u00e2ciu, a semnat vineri acordul de \u00eemprumut prin Mecanismul de Redresare \u0219i Rezilien\u021b\u0103, de 15 miliarde euro, arat\u0103 un comunicat emis de Ministerul Finan\u021belor. \u00cemprumutul va fi folosit pentru finan\u021barea deficitului bugetului de stat \u0219i pentru refinan\u021barea datoriei publice guvernamentale, [&hellip;]<\/p>\n","protected":false},"author":2,"featured_media":2175,"comment_status":"open","ping_status":"open","sticky":false,"template":"","format":"standard","meta":{"footnotes":""},"categories":[2,3,4],"tags":[],"class_list":["post-2174","post","type-post","status-publish","format-standard","has-post-thumbnail","hentry","category-featured","category-politic","category-ultima-ora"],"_links":{"self":[{"href":"https:\/\/radarmedia.ro\/index.php\/wp-json\/wp\/v2\/posts\/2174","targetHints":{"allow":["GET"]}}],"collection":[{"href":"https:\/\/radarmedia.ro\/index.php\/wp-json\/wp\/v2\/posts"}],"about":[{"href":"https:\/\/radarmedia.ro\/index.php\/wp-json\/wp\/v2\/types\/post"}],"author":[{"embeddable":true,"href":"https:\/\/radarmedia.ro\/index.php\/wp-json\/wp\/v2\/users\/2"}],"replies":[{"embeddable":true,"href":"https:\/\/radarmedia.ro\/index.php\/wp-json\/wp\/v2\/comments?post=2174"}],"version-history":[{"count":1,"href":"https:\/\/radarmedia.ro\/index.php\/wp-json\/wp\/v2\/posts\/2174\/revisions"}],"predecessor-version":[{"id":2176,"href":"https:\/\/radarmedia.ro\/index.php\/wp-json\/wp\/v2\/posts\/2174\/revisions\/2176"}],"wp:featuredmedia":[{"embeddable":true,"href":"https:\/\/radarmedia.ro\/index.php\/wp-json\/wp\/v2\/media\/2175"}],"wp:attachment":[{"href":"https:\/\/radarmedia.ro\/index.php\/wp-json\/wp\/v2\/media?parent=2174"}],"wp:term":[{"taxonomy":"category","embeddable":true,"href":"https:\/\/radarmedia.ro\/index.php\/wp-json\/wp\/v2\/categories?post=2174"},{"taxonomy":"post_tag","embeddable":true,"href":"https:\/\/radarmedia.ro\/index.php\/wp-json\/wp\/v2\/tags?post=2174"}],"curies":[{"name":"wp","href":"https:\/\/api.w.org\/{rel}","templated":true}]}}