{"id":2211,"date":"2021-12-01T09:46:23","date_gmt":"2021-12-01T07:46:23","guid":{"rendered":"http:\/\/radarmedia.ro\/?p=2211"},"modified":"2021-12-01T09:46:23","modified_gmt":"2021-12-01T07:46:23","slug":"google-marcheaza-ziua-nationala-a-romaniei","status":"publish","type":"post","link":"https:\/\/radarmedia.ro\/index.php\/2021\/12\/01\/google-marcheaza-ziua-nationala-a-romaniei\/","title":{"rendered":"Google marcheaz\u0103 ziua na\u021bional\u0103 a Rom\u00e2niei"},"content":{"rendered":"<p>Motorul de c\u0103utare Google marcheaz\u0103 ziua na\u021bional\u0103 a Rom\u00e2niei, cu un &#8222;doodle&#8221; special, cu steagul \u021b\u0103rii. Ziua de 1 decembrie a fost adoptat\u0103 zi na\u021bional\u0103 \u00een 1990, printr-o lege promulgat\u0103 de fostul pre\u0219edinte Ion Iliescu. La 1 decembrie 1918, Adunarea Na\u0163ional\u0103 de la Alba Iulia adopta rezolu\u0163ia Unirii Transilvaniei, Banatului, Cri\u015fanei \u015fi Maramure\u015fului cu Rom\u00e2nia.<\/p>\n","protected":false},"excerpt":{"rendered":"<p class=\"text-justify mb-2\" >Motorul de c\u0103utare Google marcheaz\u0103 ziua na\u021bional\u0103 a Rom\u00e2niei, cu un &#8222;doodle&#8221; special, cu steagul \u021b\u0103rii. Ziua de 1 decembrie a fost adoptat\u0103 zi na\u021bional\u0103 \u00een 1990, printr-o lege promulgat\u0103 de fostul pre\u0219edinte Ion Iliescu. La 1 decembrie 1918, Adunarea Na\u0163ional\u0103 de la Alba Iulia [&hellip;]<\/p>\n","protected":false},"author":1,"featured_media":2212,"comment_status":"open","ping_status":"open","sticky":false,"template":"","format":"standard","meta":{"footnotes":""},"categories":[2,3,4],"tags":[],"class_list":["post-2211","post","type-post","status-publish","format-standard","has-post-thumbnail","hentry","category-featured","category-politic","category-ultima-ora"],"_links":{"self":[{"href":"https:\/\/radarmedia.ro\/index.php\/wp-json\/wp\/v2\/posts\/2211","targetHints":{"allow":["GET"]}}],"collection":[{"href":"https:\/\/radarmedia.ro\/index.php\/wp-json\/wp\/v2\/posts"}],"about":[{"href":"https:\/\/radarmedia.ro\/index.php\/wp-json\/wp\/v2\/types\/post"}],"author":[{"embeddable":true,"href":"https:\/\/radarmedia.ro\/index.php\/wp-json\/wp\/v2\/users\/1"}],"replies":[{"embeddable":true,"href":"https:\/\/radarmedia.ro\/index.php\/wp-json\/wp\/v2\/comments?post=2211"}],"version-history":[{"count":1,"href":"https:\/\/radarmedia.ro\/index.php\/wp-json\/wp\/v2\/posts\/2211\/revisions"}],"predecessor-version":[{"id":2213,"href":"https:\/\/radarmedia.ro\/index.php\/wp-json\/wp\/v2\/posts\/2211\/revisions\/2213"}],"wp:featuredmedia":[{"embeddable":true,"href":"https:\/\/radarmedia.ro\/index.php\/wp-json\/wp\/v2\/media\/2212"}],"wp:attachment":[{"href":"https:\/\/radarmedia.ro\/index.php\/wp-json\/wp\/v2\/media?parent=2211"}],"wp:term":[{"taxonomy":"category","embeddable":true,"href":"https:\/\/radarmedia.ro\/index.php\/wp-json\/wp\/v2\/categories?post=2211"},{"taxonomy":"post_tag","embeddable":true,"href":"https:\/\/radarmedia.ro\/index.php\/wp-json\/wp\/v2\/tags?post=2211"}],"curies":[{"name":"wp","href":"https:\/\/api.w.org\/{rel}","templated":true}]}}