{"id":2254,"date":"2021-12-07T11:15:24","date_gmt":"2021-12-07T09:15:24","guid":{"rendered":"http:\/\/radarmedia.ro\/?p=2254"},"modified":"2021-12-07T11:15:24","modified_gmt":"2021-12-07T09:15:24","slug":"au-spart-locuinte-si-magazine-si-au-furat-bani-bijuterii-si-alcool","status":"publish","type":"post","link":"https:\/\/radarmedia.ro\/index.php\/2021\/12\/07\/au-spart-locuinte-si-magazine-si-au-furat-bani-bijuterii-si-alcool\/","title":{"rendered":"Au spart locuin\u021be \u0219i magazine \u0219i au furat bani, bijuterii \u0219i alcool"},"content":{"rendered":"<p>Poli\u021bi\u0219tii gorjeni au re\u021binut un b\u0103rbat de 38 de ani, din Timi\u0219oara, acuzat c\u0103 a comis mai multe furturi \u00een T\u00e2rgu Jiu, ajutat de un t\u00e2n\u0103r de 18 ani. Cei doi sunt suspecta\u021bi de spargerea mai multor locuin\u021be \u0219i societ\u0103\u021bi comerciale, din care au furat bani, bijuterii, telefoane \u0219i b\u0103uturi alcoolice. \u201cLa data de 6 decembrie a.c., poli\u021bi\u0219ti din cadrul Poli\u021biei Municipiului T\u00e2rgu Jiu \u2013 Biroul de Investiga\u021bii Criminale, fiind \u00een continuarea cercet\u0103rilor \u00een mai multe cauze penale privind s\u0103v\u00e2r\u0219irea unor infrac\u021biuni de furt din locuin\u021be \u0219i societ\u0103\u021bi comerciale comise de c\u0103tre autori necunoscu\u021bi pe raza municipiului T\u00e2rgu Jiu, au identificat un b\u0103rbat de 38 de ani din municipiul Timi\u0219oara, b\u0103nuit de s\u0103v\u00e2r\u0219irea infrac\u021biunii de furt calificat \u00een form\u0103 continuat\u0103 ( 10 acte materiale), care ar fi ac\u021bionat cu complicitatea unui t\u00e2n\u0103r de 18 ani, din comuna Aninoasa, b\u0103nuit de s\u0103v\u00e2r\u0219irea infrac\u021biunii de complicitate la furt calificat ( 6 acte materiale). Din cercet\u0103rile efectuate de poli\u021bi\u0219ti a reie\u0219it faptul c\u0103 \u00een perioada 15 noiembrie \u2013 6 decembrie a.c., b\u0103rbatul ar fi p\u0103truns \u00een \u0219apte locuin\u021be \u0219i trei societ\u0103\u021bi comerciale de pe raza municipiului T\u00e2rgu Jiu, de unde ar fi sustras mai multe sume de bani, bijuterii, b\u0103uturi alcoolice \u0219i telefoane mobile, prejudiciul fiind \u00een curs de estimare\u201d, se arat\u0103 \u00eentr-un comunicat emis de IPJ Gorj.<br \/>\nCei doi b\u0103rba\u021bi au fost introdu\u0219i \u00een Centru de Re\u021binere \u0219i Arestare Preventiv\u0103 al IPJ Gorj. <\/p>\n","protected":false},"excerpt":{"rendered":"<p class=\"text-justify mb-2\" >Poli\u021bi\u0219tii gorjeni au re\u021binut un b\u0103rbat de 38 de ani, din Timi\u0219oara, acuzat c\u0103 a comis mai multe furturi \u00een T\u00e2rgu Jiu, ajutat de un t\u00e2n\u0103r de 18 ani. Cei doi sunt suspecta\u021bi de spargerea mai multor locuin\u021be \u0219i societ\u0103\u021bi comerciale, din care au furat [&hellip;]<\/p>\n","protected":false},"author":1,"featured_media":1183,"comment_status":"open","ping_status":"open","sticky":false,"template":"","format":"standard","meta":{"footnotes":""},"categories":[13,2],"tags":[],"class_list":["post-2254","post","type-post","status-publish","format-standard","has-post-thumbnail","hentry","category-eveniment","category-featured"],"_links":{"self":[{"href":"https:\/\/radarmedia.ro\/index.php\/wp-json\/wp\/v2\/posts\/2254","targetHints":{"allow":["GET"]}}],"collection":[{"href":"https:\/\/radarmedia.ro\/index.php\/wp-json\/wp\/v2\/posts"}],"about":[{"href":"https:\/\/radarmedia.ro\/index.php\/wp-json\/wp\/v2\/types\/post"}],"author":[{"embeddable":true,"href":"https:\/\/radarmedia.ro\/index.php\/wp-json\/wp\/v2\/users\/1"}],"replies":[{"embeddable":true,"href":"https:\/\/radarmedia.ro\/index.php\/wp-json\/wp\/v2\/comments?post=2254"}],"version-history":[{"count":1,"href":"https:\/\/radarmedia.ro\/index.php\/wp-json\/wp\/v2\/posts\/2254\/revisions"}],"predecessor-version":[{"id":2255,"href":"https:\/\/radarmedia.ro\/index.php\/wp-json\/wp\/v2\/posts\/2254\/revisions\/2255"}],"wp:featuredmedia":[{"embeddable":true,"href":"https:\/\/radarmedia.ro\/index.php\/wp-json\/wp\/v2\/media\/1183"}],"wp:attachment":[{"href":"https:\/\/radarmedia.ro\/index.php\/wp-json\/wp\/v2\/media?parent=2254"}],"wp:term":[{"taxonomy":"category","embeddable":true,"href":"https:\/\/radarmedia.ro\/index.php\/wp-json\/wp\/v2\/categories?post=2254"},{"taxonomy":"post_tag","embeddable":true,"href":"https:\/\/radarmedia.ro\/index.php\/wp-json\/wp\/v2\/tags?post=2254"}],"curies":[{"name":"wp","href":"https:\/\/api.w.org\/{rel}","templated":true}]}}