{"id":2256,"date":"2021-12-07T11:24:47","date_gmt":"2021-12-07T09:24:47","guid":{"rendered":"http:\/\/radarmedia.ro\/?p=2256"},"modified":"2021-12-07T11:24:47","modified_gmt":"2021-12-07T09:24:47","slug":"acuza-un-ministru-de-furt-intelectual-si-ii-cede-demisia","status":"publish","type":"post","link":"https:\/\/radarmedia.ro\/index.php\/2021\/12\/07\/acuza-un-ministru-de-furt-intelectual-si-ii-cede-demisia\/","title":{"rendered":"Acuz\u0103 un ministru de furt intelectual \u0219i \u00eei cede demisia"},"content":{"rendered":"<p>Deputatul de Gorj, Radu Miru\u021b\u0103, cere demisia ministrului de la Cercetare \u0219i Digitalizare, suspectat de plagiat \u0219i fals intelectual. Liberalul Florin Roman a completat \u00een CV c\u0103 este autorul lucr\u0103rii \u201eTeoria sistemelor informa\u0163ionale\u201d, publicat\u0103 la Editura Academiei Rom\u00e2ne, \u00een 2006. Jurnali\u0219tii de la Libertatea au descoperit c\u0103 titlul nu apare nici la Editura Academiei Rom\u00e2ne, nici la Biblioteca Na\u021bional\u0103 a Rom\u00e2niei. Parlamentarul USR, Radu Miru\u021b\u0103, sus\u021bine c\u0103 falsul intelectual este o fapt\u0103 peste care nu se poate trece, iar faptul c\u0103 Florin Roman este ministrul Cercet\u0103rii impune m\u0103suri radicale. &#8222;\u00cen \u021b\u0103rile democratice al c\u0103ror model \u00eel invoc\u0103m adesea, plagiatul, furtul intelectual, asumarea unor merite care nu-ti apartin, falsul in biografie, omisiunile frauduloase sunt tot atatea infrac\u021biuni cel pu\u021bin de ordin etic, incompatibile cu pozitia de servant public (premier, ministru, sef de institutie public\u0103, etc). Prin urmare solicit demisia\/demiterea imediat\u0103 a domnului Florin Roman din functia de ministru \u00een Guvernul Romaniei! In domeniul academic, o fapta mai grava ca aceasta, nu exista. Este furt intelectual si parvenitism din partea unui om pus sa coordoneze un minister extrem de important de care nu il leaga absolut nicio experienta&#8221;, a postat deputatul USR, Radu Miru\u021b\u0103.<\/p>\n","protected":false},"excerpt":{"rendered":"<p class=\"text-justify mb-2\" >Deputatul de Gorj, Radu Miru\u021b\u0103, cere demisia ministrului de la Cercetare \u0219i Digitalizare, suspectat de plagiat \u0219i fals intelectual. Liberalul Florin Roman a completat \u00een CV c\u0103 este autorul lucr\u0103rii \u201eTeoria sistemelor informa\u0163ionale\u201d, publicat\u0103 la Editura Academiei Rom\u00e2ne, \u00een 2006. Jurnali\u0219tii de la Libertatea au [&hellip;]<\/p>\n","protected":false},"author":1,"featured_media":2257,"comment_status":"open","ping_status":"open","sticky":false,"template":"","format":"standard","meta":{"footnotes":""},"categories":[2,3,4],"tags":[],"class_list":["post-2256","post","type-post","status-publish","format-standard","has-post-thumbnail","hentry","category-featured","category-politic","category-ultima-ora"],"_links":{"self":[{"href":"https:\/\/radarmedia.ro\/index.php\/wp-json\/wp\/v2\/posts\/2256","targetHints":{"allow":["GET"]}}],"collection":[{"href":"https:\/\/radarmedia.ro\/index.php\/wp-json\/wp\/v2\/posts"}],"about":[{"href":"https:\/\/radarmedia.ro\/index.php\/wp-json\/wp\/v2\/types\/post"}],"author":[{"embeddable":true,"href":"https:\/\/radarmedia.ro\/index.php\/wp-json\/wp\/v2\/users\/1"}],"replies":[{"embeddable":true,"href":"https:\/\/radarmedia.ro\/index.php\/wp-json\/wp\/v2\/comments?post=2256"}],"version-history":[{"count":1,"href":"https:\/\/radarmedia.ro\/index.php\/wp-json\/wp\/v2\/posts\/2256\/revisions"}],"predecessor-version":[{"id":2258,"href":"https:\/\/radarmedia.ro\/index.php\/wp-json\/wp\/v2\/posts\/2256\/revisions\/2258"}],"wp:featuredmedia":[{"embeddable":true,"href":"https:\/\/radarmedia.ro\/index.php\/wp-json\/wp\/v2\/media\/2257"}],"wp:attachment":[{"href":"https:\/\/radarmedia.ro\/index.php\/wp-json\/wp\/v2\/media?parent=2256"}],"wp:term":[{"taxonomy":"category","embeddable":true,"href":"https:\/\/radarmedia.ro\/index.php\/wp-json\/wp\/v2\/categories?post=2256"},{"taxonomy":"post_tag","embeddable":true,"href":"https:\/\/radarmedia.ro\/index.php\/wp-json\/wp\/v2\/tags?post=2256"}],"curies":[{"name":"wp","href":"https:\/\/api.w.org\/{rel}","templated":true}]}}