{"id":2298,"date":"2021-12-10T20:35:15","date_gmt":"2021-12-10T18:35:15","guid":{"rendered":"http:\/\/radarmedia.ro\/?p=2298"},"modified":"2021-12-10T20:35:15","modified_gmt":"2021-12-10T18:35:15","slug":"ce-intelegere-au-facut-sindicalistii-ceo-cu-parlamentarii-puterii","status":"publish","type":"post","link":"https:\/\/radarmedia.ro\/index.php\/2021\/12\/10\/ce-intelegere-au-facut-sindicalistii-ceo-cu-parlamentarii-puterii\/","title":{"rendered":"Ce \u00een\u021belegere au f\u0103cut sindicali\u0219tii CEO, cu parlamentarii puterii"},"content":{"rendered":"<p>Liderii sindicali din Complexul Oltenia \u0219i parlamentarii PSD \u0219i PNL, care s-au \u00eent\u00e2lnit vineri la pr\u00e2nz, la Prefectura Gorj, pentru discu\u021bii despre reducerea v\u00e2rstei de pensionare a minerilor \u0219i energeticienilor, au semnat o minut\u0103, la finalul \u00eent\u00e2lnirii. Parlamentarii \u0219i-au asumat c\u0103, p\u00e2n\u0103 \u00een luna februarie, va fi adoptat\u0103 o nou\u0103 lege, care acum se afl\u0103 \u00een Senat. Ini\u021biativa depus\u0103 de PSD \u00eempiedic\u0103 emiterea unei ordonan\u021be de urgen\u021b\u0103 a Guvernului, ambele acte av\u00e2nd acela\u0219i subiect \u0219i fiind \u00een procedur\u0103 de urgen\u021b\u0103. Sindicali\u0219tii semnatari au promis, \u00een scris, c\u0103 protestele minerilor \u0219i energeticienilor vor \u00eenceta. \u201eAceast\u0103 propunere legislativ\u0103 va fi dezb\u0103tut\u0103 \u00een Senatul Rom\u00e2niei la mijlocul lunii decembrie, ulterior \u0219i \u00een Camera Deputa\u021bilor (camer\u0103 decizional\u0103) urm\u00e2nd ca p\u00e2n\u0103 la sf\u00e2r\u0219itul lunii februarie legea s\u0103 fie adoptat\u0103 \u0219i s\u0103 produc\u0103 efecte. Continuarea acestor discu\u021bii se va realiza \u00een data de 14.12.2021 la Palatul Parlamentului \u00een prezen\u021ba Ministului Muncii \u0219i Protec\u021biei Sociale, pre\u0219edintele Comisiei de Munc\u0103 din Camera Deputa\u021bilor, pre\u0219edintele Casei Na\u021bionale de Pensii, parlamentarii din jude\u021bul Gorj \u0219i reprezenta\u021bii federa\u021biilor sindicale \u0219i reprezentantive din Complexul Energetic Oltenia. La finalul \u00eent\u00e2lnirii de ast\u0103zi, liderii federa\u021biilor sindicale au transmis c\u0103 se vor suspenda protestele p\u00e2n\u0103 la luarea unei decizii\u201d, se arat\u0103 \u00een minuta semnat\u0103 de liderii sindicali \u0219i parlamentarii PSD \u0219i PNL.<\/p>\n","protected":false},"excerpt":{"rendered":"<p class=\"text-justify mb-2\" >Liderii sindicali din Complexul Oltenia \u0219i parlamentarii PSD \u0219i PNL, care s-au \u00eent\u00e2lnit vineri la pr\u00e2nz, la Prefectura Gorj, pentru discu\u021bii despre reducerea v\u00e2rstei de pensionare a minerilor \u0219i energeticienilor, au semnat o minut\u0103, la finalul \u00eent\u00e2lnirii. Parlamentarii \u0219i-au asumat c\u0103, p\u00e2n\u0103 \u00een luna februarie, [&hellip;]<\/p>\n","protected":false},"author":1,"featured_media":2308,"comment_status":"open","ping_status":"open","sticky":false,"template":"","format":"standard","meta":{"footnotes":""},"categories":[1,2,3,4],"tags":[],"class_list":["post-2298","post","type-post","status-publish","format-standard","has-post-thumbnail","hentry","category-fara-categorie","category-featured","category-politic","category-ultima-ora"],"_links":{"self":[{"href":"https:\/\/radarmedia.ro\/index.php\/wp-json\/wp\/v2\/posts\/2298","targetHints":{"allow":["GET"]}}],"collection":[{"href":"https:\/\/radarmedia.ro\/index.php\/wp-json\/wp\/v2\/posts"}],"about":[{"href":"https:\/\/radarmedia.ro\/index.php\/wp-json\/wp\/v2\/types\/post"}],"author":[{"embeddable":true,"href":"https:\/\/radarmedia.ro\/index.php\/wp-json\/wp\/v2\/users\/1"}],"replies":[{"embeddable":true,"href":"https:\/\/radarmedia.ro\/index.php\/wp-json\/wp\/v2\/comments?post=2298"}],"version-history":[{"count":1,"href":"https:\/\/radarmedia.ro\/index.php\/wp-json\/wp\/v2\/posts\/2298\/revisions"}],"predecessor-version":[{"id":2307,"href":"https:\/\/radarmedia.ro\/index.php\/wp-json\/wp\/v2\/posts\/2298\/revisions\/2307"}],"wp:featuredmedia":[{"embeddable":true,"href":"https:\/\/radarmedia.ro\/index.php\/wp-json\/wp\/v2\/media\/2308"}],"wp:attachment":[{"href":"https:\/\/radarmedia.ro\/index.php\/wp-json\/wp\/v2\/media?parent=2298"}],"wp:term":[{"taxonomy":"category","embeddable":true,"href":"https:\/\/radarmedia.ro\/index.php\/wp-json\/wp\/v2\/categories?post=2298"},{"taxonomy":"post_tag","embeddable":true,"href":"https:\/\/radarmedia.ro\/index.php\/wp-json\/wp\/v2\/tags?post=2298"}],"curies":[{"name":"wp","href":"https:\/\/api.w.org\/{rel}","templated":true}]}}