{"id":2479,"date":"2021-12-29T12:36:29","date_gmt":"2021-12-29T10:36:29","guid":{"rendered":"http:\/\/radarmedia.ro\/?p=2479"},"modified":"2021-12-29T12:36:29","modified_gmt":"2021-12-29T10:36:29","slug":"batrana-gasita-inecata-in-gilort","status":"publish","type":"post","link":"https:\/\/radarmedia.ro\/index.php\/2021\/12\/29\/batrana-gasita-inecata-in-gilort\/","title":{"rendered":"B\u0103tr\u00e2n\u0103 g\u0103sit\u0103 \u00eenecat\u0103 \u00een Gilort"},"content":{"rendered":"<p>O femeie din comuna B\u0103rb\u0103te\u0219ti a fost g\u0103sit\u0103, azi, \u00eenecat\u0103 \u00een Gilort. \u00cen v\u00e2rst\u0103 de 73 de ani, ea disp\u0103ruse de acas\u0103, iar familia a anun\u021bat poli\u021bia, care a deschis acum un dosar penal. &#8222;Am fost solicitati in sprijin de catre colegii de la IPJ pentru c\u0103utarea unei persoane de sex feminin in varsta de 73 de ani disparute in comuna B\u0103rb\u0103te\u0219ti, satul Socu. Din pacate, aceasta a fost gasita in urma cu putin timp in raul Gilort, decedata. Colegii nostri au intervenit pentru a scoate persoana din apa, iar politistii efectueaza cercetari pentru stabilirea \u00eemprejur\u0103rilor in care a survenit decesul&#8221;, se arat\u0103 \u00eentr-un comunicat emis de Inspectoratul pentru Situa\u021bii de Urgen\u021b\u0103 (ISU) Gorj.<\/p>\n","protected":false},"excerpt":{"rendered":"<p class=\"text-justify mb-2\" >O femeie din comuna B\u0103rb\u0103te\u0219ti a fost g\u0103sit\u0103, azi, \u00eenecat\u0103 \u00een Gilort. \u00cen v\u00e2rst\u0103 de 73 de ani, ea disp\u0103ruse de acas\u0103, iar familia a anun\u021bat poli\u021bia, care a deschis acum un dosar penal. &#8222;Am fost solicitati in sprijin de catre colegii de la IPJ [&hellip;]<\/p>\n","protected":false},"author":1,"featured_media":2480,"comment_status":"open","ping_status":"open","sticky":false,"template":"","format":"standard","meta":{"footnotes":""},"categories":[13,2,4],"tags":[],"class_list":["post-2479","post","type-post","status-publish","format-standard","has-post-thumbnail","hentry","category-eveniment","category-featured","category-ultima-ora"],"_links":{"self":[{"href":"https:\/\/radarmedia.ro\/index.php\/wp-json\/wp\/v2\/posts\/2479","targetHints":{"allow":["GET"]}}],"collection":[{"href":"https:\/\/radarmedia.ro\/index.php\/wp-json\/wp\/v2\/posts"}],"about":[{"href":"https:\/\/radarmedia.ro\/index.php\/wp-json\/wp\/v2\/types\/post"}],"author":[{"embeddable":true,"href":"https:\/\/radarmedia.ro\/index.php\/wp-json\/wp\/v2\/users\/1"}],"replies":[{"embeddable":true,"href":"https:\/\/radarmedia.ro\/index.php\/wp-json\/wp\/v2\/comments?post=2479"}],"version-history":[{"count":1,"href":"https:\/\/radarmedia.ro\/index.php\/wp-json\/wp\/v2\/posts\/2479\/revisions"}],"predecessor-version":[{"id":2481,"href":"https:\/\/radarmedia.ro\/index.php\/wp-json\/wp\/v2\/posts\/2479\/revisions\/2481"}],"wp:featuredmedia":[{"embeddable":true,"href":"https:\/\/radarmedia.ro\/index.php\/wp-json\/wp\/v2\/media\/2480"}],"wp:attachment":[{"href":"https:\/\/radarmedia.ro\/index.php\/wp-json\/wp\/v2\/media?parent=2479"}],"wp:term":[{"taxonomy":"category","embeddable":true,"href":"https:\/\/radarmedia.ro\/index.php\/wp-json\/wp\/v2\/categories?post=2479"},{"taxonomy":"post_tag","embeddable":true,"href":"https:\/\/radarmedia.ro\/index.php\/wp-json\/wp\/v2\/tags?post=2479"}],"curies":[{"name":"wp","href":"https:\/\/api.w.org\/{rel}","templated":true}]}}