{"id":2488,"date":"2021-12-29T16:39:33","date_gmt":"2021-12-29T14:39:33","guid":{"rendered":"http:\/\/radarmedia.ro\/?p=2488"},"modified":"2021-12-29T16:39:33","modified_gmt":"2021-12-29T14:39:33","slug":"450-kg-de-artificii-si-petarde-confiscate-de-politie","status":"publish","type":"post","link":"https:\/\/radarmedia.ro\/index.php\/2021\/12\/29\/450-kg-de-artificii-si-petarde-confiscate-de-politie\/","title":{"rendered":"450 kg de artificii \u0219i petarde, confiscate de poli\u021bie"},"content":{"rendered":"<p>\u00cen baza Planului de ac\u0163iune ,,FOC DE ARTIFICII\u201d, \u00een perioada 26 noiembrie &#8211; 29 decembrie a.c., poli\u021bi\u0219tii gorjeni au desf\u0103\u0219urat ac\u021biuni pentru verificarea legalit\u0103\u0163ii desf\u0103\u015fur\u0103rii opera\u0163iunilor cu articole pirotehnice, de c\u0103tre persoanele fizice \u015fi juridice. Cu ocazia celor 82 de ac\u0163iuni \u015fi controale efectuate, poli\u021bi\u0219ti au constatat 22 infrac\u021biuni de nerespectare a regimului materiilor explozive, fiind aplicate \u0219i trei sanc\u021biuni contraven\u021bionale.<\/p>\n<p>Totodat\u0103, poli\u021bi\u0219tii au indisponibilizat \u00een vederea confisc\u0103rii, 458 kg articole pirotehnice, \u00een valoare de 29.500 lei.<\/p>\n","protected":false},"excerpt":{"rendered":"<p class=\"text-justify mb-2\" >\u00cen baza Planului de ac\u0163iune ,,FOC DE ARTIFICII\u201d, \u00een perioada 26 noiembrie &#8211; 29 decembrie a.c., poli\u021bi\u0219tii gorjeni au desf\u0103\u0219urat ac\u021biuni pentru verificarea legalit\u0103\u0163ii desf\u0103\u015fur\u0103rii opera\u0163iunilor cu articole pirotehnice, de c\u0103tre persoanele fizice \u015fi juridice. Cu ocazia celor 82 de ac\u0163iuni \u015fi controale efectuate, poli\u021bi\u0219ti [&hellip;]<\/p>\n","protected":false},"author":1,"featured_media":2320,"comment_status":"open","ping_status":"open","sticky":false,"template":"","format":"standard","meta":{"footnotes":""},"categories":[13,2,4],"tags":[],"class_list":["post-2488","post","type-post","status-publish","format-standard","has-post-thumbnail","hentry","category-eveniment","category-featured","category-ultima-ora"],"_links":{"self":[{"href":"https:\/\/radarmedia.ro\/index.php\/wp-json\/wp\/v2\/posts\/2488","targetHints":{"allow":["GET"]}}],"collection":[{"href":"https:\/\/radarmedia.ro\/index.php\/wp-json\/wp\/v2\/posts"}],"about":[{"href":"https:\/\/radarmedia.ro\/index.php\/wp-json\/wp\/v2\/types\/post"}],"author":[{"embeddable":true,"href":"https:\/\/radarmedia.ro\/index.php\/wp-json\/wp\/v2\/users\/1"}],"replies":[{"embeddable":true,"href":"https:\/\/radarmedia.ro\/index.php\/wp-json\/wp\/v2\/comments?post=2488"}],"version-history":[{"count":1,"href":"https:\/\/radarmedia.ro\/index.php\/wp-json\/wp\/v2\/posts\/2488\/revisions"}],"predecessor-version":[{"id":2489,"href":"https:\/\/radarmedia.ro\/index.php\/wp-json\/wp\/v2\/posts\/2488\/revisions\/2489"}],"wp:featuredmedia":[{"embeddable":true,"href":"https:\/\/radarmedia.ro\/index.php\/wp-json\/wp\/v2\/media\/2320"}],"wp:attachment":[{"href":"https:\/\/radarmedia.ro\/index.php\/wp-json\/wp\/v2\/media?parent=2488"}],"wp:term":[{"taxonomy":"category","embeddable":true,"href":"https:\/\/radarmedia.ro\/index.php\/wp-json\/wp\/v2\/categories?post=2488"},{"taxonomy":"post_tag","embeddable":true,"href":"https:\/\/radarmedia.ro\/index.php\/wp-json\/wp\/v2\/tags?post=2488"}],"curies":[{"name":"wp","href":"https:\/\/api.w.org\/{rel}","templated":true}]}}