{"id":2564,"date":"2022-01-01T13:24:32","date_gmt":"2022-01-01T11:24:32","guid":{"rendered":"http:\/\/radarmedia.ro\/?p=2564"},"modified":"2022-01-01T13:24:32","modified_gmt":"2022-01-01T11:24:32","slug":"uite-cum-au-petrecut-targujienii-in-strada-de-revelion-video","status":"publish","type":"post","link":"https:\/\/radarmedia.ro\/index.php\/2022\/01\/01\/uite-cum-au-petrecut-targujienii-in-strada-de-revelion-video\/","title":{"rendered":"Uite cum au petrecut t\u00e2rgujienii, \u00een strad\u0103, de revelion! VIDEO"},"content":{"rendered":"<p>T\u00e2rgujienii au petrecut \u00een strad\u0103, \u00een noaptea dintre ani. \u00cen centrul ora\u0219ului, au avut loc concerte sus\u021binute de Mira \u0219i Ioana Ignat. Acestea au continuat cu un spectacol de muzic\u0103 popular\u0103, atmosfera fiind \u00eentre\u021binut\u0103 de Victori\u021ba \u0219i Alina L\u0103c\u0103tu\u0219u, Alexandra Bleaje, acompaniate de Taraful Aurel Blondea. Oamenii s-au prins \u00een hore, p\u00e2n\u0103 apropate de miezul nop\u021bii, c\u00e2nd evenimentul s-a mutat pe digul Jiului, din parcul central, de unde a putut fi urm\u0103rit un foc de artificii, ce a avut loc pe insula de pe Jiu.<\/p>\n<p><iframe loading=\"lazy\" title=\"Revelion in strada, la Tg Jiu\" width=\"500\" height=\"281\" src=\"https:\/\/www.youtube.com\/embed\/Y6nNyF3LlNw?feature=oembed\" frameborder=\"0\" allow=\"accelerometer; autoplay; clipboard-write; encrypted-media; gyroscope; picture-in-picture; web-share\" referrerpolicy=\"strict-origin-when-cross-origin\" allowfullscreen><\/iframe><\/p>\n","protected":false},"excerpt":{"rendered":"<p class=\"text-justify mb-2\" >T\u00e2rgujienii au petrecut \u00een strad\u0103, \u00een noaptea dintre ani. \u00cen centrul ora\u0219ului, au avut loc concerte sus\u021binute de Mira \u0219i Ioana Ignat. Acestea au continuat cu un spectacol de muzic\u0103 popular\u0103, atmosfera fiind \u00eentre\u021binut\u0103 de Victori\u021ba \u0219i Alina L\u0103c\u0103tu\u0219u, Alexandra Bleaje, acompaniate de Taraful Aurel [&hellip;]<\/p>\n","protected":false},"author":1,"featured_media":2565,"comment_status":"open","ping_status":"open","sticky":false,"template":"","format":"standard","meta":{"footnotes":""},"categories":[5,2,4],"tags":[],"class_list":["post-2564","post","type-post","status-publish","format-standard","has-post-thumbnail","hentry","category-actualitate","category-featured","category-ultima-ora"],"_links":{"self":[{"href":"https:\/\/radarmedia.ro\/index.php\/wp-json\/wp\/v2\/posts\/2564","targetHints":{"allow":["GET"]}}],"collection":[{"href":"https:\/\/radarmedia.ro\/index.php\/wp-json\/wp\/v2\/posts"}],"about":[{"href":"https:\/\/radarmedia.ro\/index.php\/wp-json\/wp\/v2\/types\/post"}],"author":[{"embeddable":true,"href":"https:\/\/radarmedia.ro\/index.php\/wp-json\/wp\/v2\/users\/1"}],"replies":[{"embeddable":true,"href":"https:\/\/radarmedia.ro\/index.php\/wp-json\/wp\/v2\/comments?post=2564"}],"version-history":[{"count":1,"href":"https:\/\/radarmedia.ro\/index.php\/wp-json\/wp\/v2\/posts\/2564\/revisions"}],"predecessor-version":[{"id":2566,"href":"https:\/\/radarmedia.ro\/index.php\/wp-json\/wp\/v2\/posts\/2564\/revisions\/2566"}],"wp:featuredmedia":[{"embeddable":true,"href":"https:\/\/radarmedia.ro\/index.php\/wp-json\/wp\/v2\/media\/2565"}],"wp:attachment":[{"href":"https:\/\/radarmedia.ro\/index.php\/wp-json\/wp\/v2\/media?parent=2564"}],"wp:term":[{"taxonomy":"category","embeddable":true,"href":"https:\/\/radarmedia.ro\/index.php\/wp-json\/wp\/v2\/categories?post=2564"},{"taxonomy":"post_tag","embeddable":true,"href":"https:\/\/radarmedia.ro\/index.php\/wp-json\/wp\/v2\/tags?post=2564"}],"curies":[{"name":"wp","href":"https:\/\/api.w.org\/{rel}","templated":true}]}}