{"id":2567,"date":"2022-01-01T20:38:50","date_gmt":"2022-01-01T18:38:50","guid":{"rendered":"http:\/\/radarmedia.ro\/?p=2567"},"modified":"2022-01-02T15:23:17","modified_gmt":"2022-01-02T13:23:17","slug":"omorat-de-o-masina-in-noapte-de-anul-nou","status":"publish","type":"post","link":"https:\/\/radarmedia.ro\/index.php\/2022\/01\/01\/omorat-de-o-masina-in-noapte-de-anul-nou\/","title":{"rendered":"Omor\u00e2t de o ma\u0219in\u0103, \u00een noaptea de anul nou"},"content":{"rendered":"<p>Un b\u0103rbat din Cocoreni a fost omor\u00e2t de un autoturism, chiar \u00een noaptea dintre ani. Victima de 42 de ani traversa prin loc nepermis \u0219i a fost lovit de o ma\u0219in\u0103, condus\u0103 de un t\u00e2n\u0103r de 21 de ani.\u00a0&#8222;Din cercet\u0103rile efectuate de poli\u021bi\u0219ti a reie\u0219it faptul c\u0103 un t\u00e2n\u0103r de 21 de ani, din comuna Plop\u0219oru, \u00een timp ce conducea un autoturism pe DN 66 Cocoreni, a acro\u0219at un b\u0103rbat de 42 de ani, care s-ar fi angajat \u00een traversarea drumului prin loc nepermis.\u00a0\u00cen urma evenimentului rutier a rezultat decesul pietonului.\u00a0Conduc\u0103torul auto a fost testat cu aparatul etilotest rezultatul fiind negativ.\u00a0\u00cen cauz\u0103 s-a \u00eentocmit dosar penal sub aspectul s\u0103v\u00e2r\u0219irii infrac\u021biunii de ucidere din culp\u0103&#8221;, au transmis reprezentan\u021bii IPJ Gorj.<\/p>\n","protected":false},"excerpt":{"rendered":"<p class=\"text-justify mb-2\" >Un b\u0103rbat din Cocoreni a fost omor\u00e2t de un autoturism, chiar \u00een noaptea dintre ani. Victima de 42 de ani traversa prin loc nepermis \u0219i a fost lovit de o ma\u0219in\u0103, condus\u0103 de un t\u00e2n\u0103r de 21 de ani.\u00a0&#8222;Din cercet\u0103rile efectuate de poli\u021bi\u0219ti a reie\u0219it [&hellip;]<\/p>\n","protected":false},"author":2,"featured_media":1062,"comment_status":"open","ping_status":"open","sticky":false,"template":"","format":"standard","meta":{"footnotes":""},"categories":[13,1,2,4],"tags":[],"class_list":["post-2567","post","type-post","status-publish","format-standard","has-post-thumbnail","hentry","category-eveniment","category-fara-categorie","category-featured","category-ultima-ora"],"_links":{"self":[{"href":"https:\/\/radarmedia.ro\/index.php\/wp-json\/wp\/v2\/posts\/2567","targetHints":{"allow":["GET"]}}],"collection":[{"href":"https:\/\/radarmedia.ro\/index.php\/wp-json\/wp\/v2\/posts"}],"about":[{"href":"https:\/\/radarmedia.ro\/index.php\/wp-json\/wp\/v2\/types\/post"}],"author":[{"embeddable":true,"href":"https:\/\/radarmedia.ro\/index.php\/wp-json\/wp\/v2\/users\/2"}],"replies":[{"embeddable":true,"href":"https:\/\/radarmedia.ro\/index.php\/wp-json\/wp\/v2\/comments?post=2567"}],"version-history":[{"count":3,"href":"https:\/\/radarmedia.ro\/index.php\/wp-json\/wp\/v2\/posts\/2567\/revisions"}],"predecessor-version":[{"id":2570,"href":"https:\/\/radarmedia.ro\/index.php\/wp-json\/wp\/v2\/posts\/2567\/revisions\/2570"}],"wp:featuredmedia":[{"embeddable":true,"href":"https:\/\/radarmedia.ro\/index.php\/wp-json\/wp\/v2\/media\/1062"}],"wp:attachment":[{"href":"https:\/\/radarmedia.ro\/index.php\/wp-json\/wp\/v2\/media?parent=2567"}],"wp:term":[{"taxonomy":"category","embeddable":true,"href":"https:\/\/radarmedia.ro\/index.php\/wp-json\/wp\/v2\/categories?post=2567"},{"taxonomy":"post_tag","embeddable":true,"href":"https:\/\/radarmedia.ro\/index.php\/wp-json\/wp\/v2\/tags?post=2567"}],"curies":[{"name":"wp","href":"https:\/\/api.w.org\/{rel}","templated":true}]}}