{"id":2751,"date":"2022-01-26T17:39:57","date_gmt":"2022-01-26T15:39:57","guid":{"rendered":"http:\/\/radarmedia.ro\/?p=2751"},"modified":"2022-01-26T17:39:57","modified_gmt":"2022-01-26T15:39:57","slug":"concursul-pentru-ingrijitori-la-spital-se-muta-la-facultatea-de-drept","status":"publish","type":"post","link":"https:\/\/radarmedia.ro\/index.php\/2022\/01\/26\/concursul-pentru-ingrijitori-la-spital-se-muta-la-facultatea-de-drept\/","title":{"rendered":"Concursul pentru \u00eengrijitori la spital se mut\u0103 la Facultatea de Drept"},"content":{"rendered":"<div class=\"cxmmr5t8 oygrvhab hcukyx3x c1et5uql o9v6fnle ii04i59q\">\n<div dir=\"auto\">Concursul pentru nou\u0103 posturi de \u00eengrijitor, la Spitalul Jude\u021bean din T\u00e2rgu Jiu, se mut\u0103 \u00een alt\u0103 loca\u021bie dec\u00e2t cea stabilit\u0103. Conducerea unit\u0103\u021bii medicale anun\u021b\u0103 concuren\u021bii c\u0103 trebuie s\u0103 se prezinte la Facultatea de Drept, din centrul municipiului, de\u0219i loca\u021bia anun\u021bat\u0103 ini\u021bial pentru concurs era Facultatea de \u0218tiin\u021be Medicale. &#8222;Candida\u021bii \u00eenscri\u0219i la concursul pentru ocuparea celor 9 posturi de \u00eengrijitor sunt ruga\u021bi s\u0103 se prezinte m\u00e2ine, 27.01.2022, la sediul Universit\u0103\u021bii \u201eConstantin Br\u00e2ncu\u0219i\u201d, Facultatea de \u0218tiin\u021be ale Educa\u021biei Drept \u0219i Administra\u021bie Public\u0103 (Facultatea de Drept) situat\u0103 pe strada Victoriei, \u00een centrul municipiului T\u00e2rgu-Jiu, c\u0103ci acolo se va sus\u021bine proba scris\u0103 a acestui concurs.<\/div>\n<\/div>\n<div class=\"cxmmr5t8 oygrvhab hcukyx3x c1et5uql o9v6fnle ii04i59q\">\n<div dir=\"auto\">Din cauza unor motive obiective, concursul nu se va mai desf\u0103\u0219ura la sediul Facult\u0103\u021bii de \u0218tiin\u021be Medicale \u0219i Comportamentale, a\u0219a cum fusese ini\u021bial anun\u021bat&#8221;, se arat\u0103 \u00eentr-un comunicat emis de conducerea spitalului. Concursul are loc m\u00e2ine, la ore 9:00, \u00eens\u0103 candida\u021bii vor intra \u00een s\u0103li \u00eencep\u00e2nd cu ora 08:00.<\/div>\n<\/div>\n","protected":false},"excerpt":{"rendered":"<p class=\"text-justify mb-2\" >Concursul pentru nou\u0103 posturi de \u00eengrijitor, la Spitalul Jude\u021bean din T\u00e2rgu Jiu, se mut\u0103 \u00een alt\u0103 loca\u021bie dec\u00e2t cea stabilit\u0103. Conducerea unit\u0103\u021bii medicale anun\u021b\u0103 concuren\u021bii c\u0103 trebuie s\u0103 se prezinte la Facultatea de Drept, din centrul municipiului, de\u0219i loca\u021bia anun\u021bat\u0103 ini\u021bial pentru concurs era Facultatea [&hellip;]<\/p>\n","protected":false},"author":1,"featured_media":2752,"comment_status":"open","ping_status":"open","sticky":false,"template":"","format":"standard","meta":{"footnotes":""},"categories":[5,4],"tags":[],"class_list":["post-2751","post","type-post","status-publish","format-standard","has-post-thumbnail","hentry","category-actualitate","category-ultima-ora"],"_links":{"self":[{"href":"https:\/\/radarmedia.ro\/index.php\/wp-json\/wp\/v2\/posts\/2751","targetHints":{"allow":["GET"]}}],"collection":[{"href":"https:\/\/radarmedia.ro\/index.php\/wp-json\/wp\/v2\/posts"}],"about":[{"href":"https:\/\/radarmedia.ro\/index.php\/wp-json\/wp\/v2\/types\/post"}],"author":[{"embeddable":true,"href":"https:\/\/radarmedia.ro\/index.php\/wp-json\/wp\/v2\/users\/1"}],"replies":[{"embeddable":true,"href":"https:\/\/radarmedia.ro\/index.php\/wp-json\/wp\/v2\/comments?post=2751"}],"version-history":[{"count":1,"href":"https:\/\/radarmedia.ro\/index.php\/wp-json\/wp\/v2\/posts\/2751\/revisions"}],"predecessor-version":[{"id":2753,"href":"https:\/\/radarmedia.ro\/index.php\/wp-json\/wp\/v2\/posts\/2751\/revisions\/2753"}],"wp:featuredmedia":[{"embeddable":true,"href":"https:\/\/radarmedia.ro\/index.php\/wp-json\/wp\/v2\/media\/2752"}],"wp:attachment":[{"href":"https:\/\/radarmedia.ro\/index.php\/wp-json\/wp\/v2\/media?parent=2751"}],"wp:term":[{"taxonomy":"category","embeddable":true,"href":"https:\/\/radarmedia.ro\/index.php\/wp-json\/wp\/v2\/categories?post=2751"},{"taxonomy":"post_tag","embeddable":true,"href":"https:\/\/radarmedia.ro\/index.php\/wp-json\/wp\/v2\/tags?post=2751"}],"curies":[{"name":"wp","href":"https:\/\/api.w.org\/{rel}","templated":true}]}}