{"id":2762,"date":"2022-01-27T21:27:16","date_gmt":"2022-01-27T19:27:16","guid":{"rendered":"http:\/\/radarmedia.ro\/?p=2762"},"modified":"2022-01-27T21:37:09","modified_gmt":"2022-01-27T19:37:09","slug":"la-un-pas-de-tragedie-copii-gasiti-pe-gheata-formata-pe-jiu","status":"publish","type":"post","link":"https:\/\/radarmedia.ro\/index.php\/2022\/01\/27\/la-un-pas-de-tragedie-copii-gasiti-pe-gheata-formata-pe-jiu\/","title":{"rendered":"La un pas de tragedie. Copii g\u0103si\u021bi pe ghea\u021ba de pe Jiu"},"content":{"rendered":"<p>Doi copii, de 12 \u0219i 13 ani, au fost sco\u0219i la timp de pe suprafa\u021ba \u00eenghe\u021bat\u0103 a Jiului, pe care \u00eencercau s\u0103 o sparg\u0103, risc\u00e2nd s\u0103 ajung\u0103 \u00een ap\u0103. Cei doi minori au fost observa\u021bi de un echipaj a Poli\u021biei Locale din T\u00e2rgu Jiu. &#8222;\u00cen data de 27 ianuarie a.c., un echipaj din cadrul Serviciului Circula\u021bie Rutier\u0103 al Poli\u021biei Locale T\u00e2rgu Jiu, \u00een timp ce se afla pe strada Barajelor, i-a observat pe cei doi copii care se jucau pe apa \u00eenghe\u021bat\u0103 a lacului \u0219i au intervenit, de \u00eendat\u0103, pentru a preveni producerea oric\u0103rui eveniment nedorit. Unul dintre copii ne-a spus c\u0103 a vrut s\u0103 vad\u0103 c\u00e2t de gros e stratul de ghea\u021b\u0103 \u0219i c\u0103 a \u00eencercat s\u0103 \u00eel sparg\u0103 cu o piatr\u0103, pentru a-i testa rezisten\u021ba. Poli\u021bi\u0219tii locali au purtat discu\u021bii cu cei doi copii despre pericolul la care s-au expus, pentru c\u0103 ghea\u021ba se putea sparge \u00een orice moment&#8221;, au transmis reprezentan\u021bii Poli\u021biei Locale T\u00e2rgu Jiu.<\/p>\n<div class=\"cxmmr5t8 oygrvhab hcukyx3x c1et5uql o9v6fnle ii04i59q\">\n<div dir=\"auto\"><\/div>\n<\/div>\n","protected":false},"excerpt":{"rendered":"<p class=\"text-justify mb-2\" >Doi copii, de 12 \u0219i 13 ani, au fost sco\u0219i la timp de pe suprafa\u021ba \u00eenghe\u021bat\u0103 a Jiului, pe care \u00eencercau s\u0103 o sparg\u0103, risc\u00e2nd s\u0103 ajung\u0103 \u00een ap\u0103. Cei doi minori au fost observa\u021bi de un echipaj a Poli\u021biei Locale din T\u00e2rgu Jiu. &#8222;\u00cen [&hellip;]<\/p>\n","protected":false},"author":1,"featured_media":2763,"comment_status":"open","ping_status":"open","sticky":false,"template":"","format":"standard","meta":{"footnotes":""},"categories":[13,4],"tags":[],"class_list":["post-2762","post","type-post","status-publish","format-standard","has-post-thumbnail","hentry","category-eveniment","category-ultima-ora"],"_links":{"self":[{"href":"https:\/\/radarmedia.ro\/index.php\/wp-json\/wp\/v2\/posts\/2762","targetHints":{"allow":["GET"]}}],"collection":[{"href":"https:\/\/radarmedia.ro\/index.php\/wp-json\/wp\/v2\/posts"}],"about":[{"href":"https:\/\/radarmedia.ro\/index.php\/wp-json\/wp\/v2\/types\/post"}],"author":[{"embeddable":true,"href":"https:\/\/radarmedia.ro\/index.php\/wp-json\/wp\/v2\/users\/1"}],"replies":[{"embeddable":true,"href":"https:\/\/radarmedia.ro\/index.php\/wp-json\/wp\/v2\/comments?post=2762"}],"version-history":[{"count":3,"href":"https:\/\/radarmedia.ro\/index.php\/wp-json\/wp\/v2\/posts\/2762\/revisions"}],"predecessor-version":[{"id":2766,"href":"https:\/\/radarmedia.ro\/index.php\/wp-json\/wp\/v2\/posts\/2762\/revisions\/2766"}],"wp:featuredmedia":[{"embeddable":true,"href":"https:\/\/radarmedia.ro\/index.php\/wp-json\/wp\/v2\/media\/2763"}],"wp:attachment":[{"href":"https:\/\/radarmedia.ro\/index.php\/wp-json\/wp\/v2\/media?parent=2762"}],"wp:term":[{"taxonomy":"category","embeddable":true,"href":"https:\/\/radarmedia.ro\/index.php\/wp-json\/wp\/v2\/categories?post=2762"},{"taxonomy":"post_tag","embeddable":true,"href":"https:\/\/radarmedia.ro\/index.php\/wp-json\/wp\/v2\/tags?post=2762"}],"curies":[{"name":"wp","href":"https:\/\/api.w.org\/{rel}","templated":true}]}}