{"id":2792,"date":"2022-02-02T07:48:44","date_gmt":"2022-02-02T05:48:44","guid":{"rendered":"http:\/\/radarmedia.ro\/?p=2792"},"modified":"2022-02-02T07:48:44","modified_gmt":"2022-02-02T05:48:44","slug":"a-murit-un-fost-sef-al-pompierilor-din-gorj","status":"publish","type":"post","link":"https:\/\/radarmedia.ro\/index.php\/2022\/02\/02\/a-murit-un-fost-sef-al-pompierilor-din-gorj\/","title":{"rendered":"A murit un fost \u0219ef al pompierilor din Gorj"},"content":{"rendered":"<p>Fostul \u0219ef al pompierilor din Gorj, colonelul (r) Aristic\u0103 Olaru, a \u00eencetat din via\u021b\u0103, la 66 de ani. Olaru a lucrat aproape 30 de ani ca ofi\u021ber \u0219i a ocupat mai multe func\u021bii, \u00een perioada 2002-2004 fiind comandantul Grupului de Pompieri Gorj.\u00a0&#8222;\u00cen aceste momente de ad\u00e2nc\u0103 triste\u021be, personalul Inspectoratului pentru Situa\u021bii de Urgen\u021b\u0103 \u201dLt.col. Dumitru Petrescu\u201d al jude\u021bului Gorj, \u00ee\u0219i exprim\u0103 regretul pentru trecerea la cele ve\u0219nice a celui care a fost colonel \u00een rezerv\u0103 Olaru Aristic\u0103. Dumnezeu s\u0103-l odihneasc\u0103 \u00een pace! Sincere condolean\u021be familiei!&#8221;, au transmis reprezentan\u021bii Inspectoratului pentru Situa\u021bii de Urgen\u021b\u0103 Gorj, pe pagina de socializare a institu\u021biei.<\/p>\n<p>Artistic\u0103 Olaru va fi \u00eenmorm\u00e2ntat joi, la cimitirul din comuna natal\u0103, D\u0103ne\u0219ti.<\/p>\n","protected":false},"excerpt":{"rendered":"<p class=\"text-justify mb-2\" >Fostul \u0219ef al pompierilor din Gorj, colonelul (r) Aristic\u0103 Olaru, a \u00eencetat din via\u021b\u0103, la 66 de ani. Olaru a lucrat aproape 30 de ani ca ofi\u021ber \u0219i a ocupat mai multe func\u021bii, \u00een perioada 2002-2004 fiind comandantul Grupului de Pompieri Gorj.\u00a0&#8222;\u00cen aceste momente de [&hellip;]<\/p>\n","protected":false},"author":2,"featured_media":2793,"comment_status":"open","ping_status":"open","sticky":false,"template":"","format":"standard","meta":{"footnotes":""},"categories":[5,4],"tags":[],"class_list":["post-2792","post","type-post","status-publish","format-standard","has-post-thumbnail","hentry","category-actualitate","category-ultima-ora"],"_links":{"self":[{"href":"https:\/\/radarmedia.ro\/index.php\/wp-json\/wp\/v2\/posts\/2792","targetHints":{"allow":["GET"]}}],"collection":[{"href":"https:\/\/radarmedia.ro\/index.php\/wp-json\/wp\/v2\/posts"}],"about":[{"href":"https:\/\/radarmedia.ro\/index.php\/wp-json\/wp\/v2\/types\/post"}],"author":[{"embeddable":true,"href":"https:\/\/radarmedia.ro\/index.php\/wp-json\/wp\/v2\/users\/2"}],"replies":[{"embeddable":true,"href":"https:\/\/radarmedia.ro\/index.php\/wp-json\/wp\/v2\/comments?post=2792"}],"version-history":[{"count":4,"href":"https:\/\/radarmedia.ro\/index.php\/wp-json\/wp\/v2\/posts\/2792\/revisions"}],"predecessor-version":[{"id":2798,"href":"https:\/\/radarmedia.ro\/index.php\/wp-json\/wp\/v2\/posts\/2792\/revisions\/2798"}],"wp:featuredmedia":[{"embeddable":true,"href":"https:\/\/radarmedia.ro\/index.php\/wp-json\/wp\/v2\/media\/2793"}],"wp:attachment":[{"href":"https:\/\/radarmedia.ro\/index.php\/wp-json\/wp\/v2\/media?parent=2792"}],"wp:term":[{"taxonomy":"category","embeddable":true,"href":"https:\/\/radarmedia.ro\/index.php\/wp-json\/wp\/v2\/categories?post=2792"},{"taxonomy":"post_tag","embeddable":true,"href":"https:\/\/radarmedia.ro\/index.php\/wp-json\/wp\/v2\/tags?post=2792"}],"curies":[{"name":"wp","href":"https:\/\/api.w.org\/{rel}","templated":true}]}}