{"id":2799,"date":"2022-02-02T14:48:22","date_gmt":"2022-02-02T12:48:22","guid":{"rendered":"http:\/\/radarmedia.ro\/?p=2799"},"modified":"2022-02-02T14:48:22","modified_gmt":"2022-02-02T12:48:22","slug":"lemn-in-valoare-de-un-miliard-de-lei-confiscat-de-la-doua-firme-din-musetesti","status":"publish","type":"post","link":"https:\/\/radarmedia.ro\/index.php\/2022\/02\/02\/lemn-in-valoare-de-un-miliard-de-lei-confiscat-de-la-doua-firme-din-musetesti\/","title":{"rendered":"Lemn \u00een valoare de un miliard de lei, confiscat de la dou\u0103 firme din Mu\u0219ete\u0219ti"},"content":{"rendered":"<p>Dou\u0103 firme din comuna Mu\u0219ete\u0219ti au fost amendate de poli\u021bi\u0219tii de la Serviciul de Investigare a Criminalit\u0103\u021bii Economice, care au efectuat verific\u0103ri \u00een domeniul achizi\u021biei, prelucr\u0103rii \u0219i comercializ\u0103rii produselor din material lemnos. Poli\u021bi\u0219tii au dispus, \u00een acela\u0219i timp, confiscarea de cantit\u0103\u021bi de lemn, \u00een valoare de 90.000 de lei. &#8222;La punctele de lucru a dou\u0103 unit\u0103\u021bi economice situate pe raza comunei Mu\u0219ete\u0219ti, cu ocazia inventarierii s-a constatat c\u0103 pentru cantitatea de 18,005 mc lemn rotund de esen\u021b\u0103 gorun, \u00een valoare de 23.000 lei \u0219i pentru cantitatea de 39,675 mc cherestea tivit\u0103 de esen\u021b\u0103 r\u0103\u0219inoase \u00een valoare de 71.415, nu exist\u0103 documente legale de provenien\u021b\u0103.\u00a0Ca urmare a celor constatate, s-a procedat la sanc\u021bionarea contraven\u021bional\u0103 a celor doi agen\u021bi economici cu amenzi \u00een valoare total\u0103 de 25.000 lei, conform Legii nr. 171\/2010, privind stabilirea \u0219i sanc\u021bionarea contraven\u021biilor silvice.\u00a0Totodat\u0103, a fost dispus\u0103 m\u0103sura complementar\u0103 a confisc\u0103rii cantit\u0103\u021bilor de material lemnos descrise mai sus&#8221;, au transmis reprezentan\u021bii Inspectoratului Jude\u021bean de Poli\u021bie Gorj.<\/p>\n","protected":false},"excerpt":{"rendered":"<p class=\"text-justify mb-2\" >Dou\u0103 firme din comuna Mu\u0219ete\u0219ti au fost amendate de poli\u021bi\u0219tii de la Serviciul de Investigare a Criminalit\u0103\u021bii Economice, care au efectuat verific\u0103ri \u00een domeniul achizi\u021biei, prelucr\u0103rii \u0219i comercializ\u0103rii produselor din material lemnos. Poli\u021bi\u0219tii au dispus, \u00een acela\u0219i timp, confiscarea de cantit\u0103\u021bi de lemn, \u00een valoare [&hellip;]<\/p>\n","protected":false},"author":1,"featured_media":2800,"comment_status":"open","ping_status":"open","sticky":false,"template":"","format":"standard","meta":{"footnotes":""},"categories":[13,2,4],"tags":[],"class_list":["post-2799","post","type-post","status-publish","format-standard","has-post-thumbnail","hentry","category-eveniment","category-featured","category-ultima-ora"],"_links":{"self":[{"href":"https:\/\/radarmedia.ro\/index.php\/wp-json\/wp\/v2\/posts\/2799","targetHints":{"allow":["GET"]}}],"collection":[{"href":"https:\/\/radarmedia.ro\/index.php\/wp-json\/wp\/v2\/posts"}],"about":[{"href":"https:\/\/radarmedia.ro\/index.php\/wp-json\/wp\/v2\/types\/post"}],"author":[{"embeddable":true,"href":"https:\/\/radarmedia.ro\/index.php\/wp-json\/wp\/v2\/users\/1"}],"replies":[{"embeddable":true,"href":"https:\/\/radarmedia.ro\/index.php\/wp-json\/wp\/v2\/comments?post=2799"}],"version-history":[{"count":1,"href":"https:\/\/radarmedia.ro\/index.php\/wp-json\/wp\/v2\/posts\/2799\/revisions"}],"predecessor-version":[{"id":2801,"href":"https:\/\/radarmedia.ro\/index.php\/wp-json\/wp\/v2\/posts\/2799\/revisions\/2801"}],"wp:featuredmedia":[{"embeddable":true,"href":"https:\/\/radarmedia.ro\/index.php\/wp-json\/wp\/v2\/media\/2800"}],"wp:attachment":[{"href":"https:\/\/radarmedia.ro\/index.php\/wp-json\/wp\/v2\/media?parent=2799"}],"wp:term":[{"taxonomy":"category","embeddable":true,"href":"https:\/\/radarmedia.ro\/index.php\/wp-json\/wp\/v2\/categories?post=2799"},{"taxonomy":"post_tag","embeddable":true,"href":"https:\/\/radarmedia.ro\/index.php\/wp-json\/wp\/v2\/tags?post=2799"}],"curies":[{"name":"wp","href":"https:\/\/api.w.org\/{rel}","templated":true}]}}