{"id":2869,"date":"2022-02-23T16:43:52","date_gmt":"2022-02-23T14:43:52","guid":{"rendered":"http:\/\/radarmedia.ro\/?p=2869"},"modified":"2022-02-23T16:43:52","modified_gmt":"2022-02-23T14:43:52","slug":"contract-de-12-milioane-euro-semnat-cu-uti-pentru-reabilitarea-transportului-din-targu-jiu","status":"publish","type":"post","link":"https:\/\/radarmedia.ro\/index.php\/2022\/02\/23\/contract-de-12-milioane-euro-semnat-cu-uti-pentru-reabilitarea-transportului-din-targu-jiu\/","title":{"rendered":"Contract de 12 milioane euro, semnat cu UTI, pentru reabilitarea transportului din T\u00e2rgu Jiu"},"content":{"rendered":"<p>Un contract \u00een valoare de 12 milioane de euro, pentru modernizarea infrastructurii de transport \u00een comun, a fost semnat, azi, la Prim\u0103ria T\u00e2rgu Jiu. Lucr\u0103rile ce presupun aproape 30 km de fir, sta\u021bii moderne de a\u0219teptare \u0219i modernizarea bazei societ\u0103\u021bii de transport public au ca termen de finalizare f\u00e2r\u0219itul anului 2023 \u0219i vor fi realizare de o asociere de firme, al c\u0103rei lider este UTI Grup. &#8222;\u00cen cifre, aceast\u0103 investi\u021bie \u00eenseamn\u0103 12 milioane de euro din fonduri europene pe care noi \u00eei aducem aici, 27 de kilometri de fir de contact, 700 de metri de re\u021bea nou\u0103 pe tronsonul Agriculturii &#8211; Mall, 186 de st\u00e2lpi \u00eenlocui\u021bi, 40 de sta\u021bii moderne, dotate cu echipamente de ultim\u0103 genera\u021bie, 2 sta\u021bii de redresare reabilitate \u0219i o statie de redresare nou\u0103. M\u0103 bucur\u0103 faptul c\u0103 se lucreaz\u0103 cu o societate serioas\u0103, cu care am mai colaborat \u0219i care mereu a finalizat lucr\u0103rile \u00eenainte de termen&#8221;, a comunicat Marcel Romanescu, primarul municipiului T\u00e2rgu Jiu.<\/p>\n<figure class=\"wp-block-audio\"><\/figure>\n","protected":false},"excerpt":{"rendered":"<p class=\"text-justify mb-2\" >Un contract \u00een valoare de 12 milioane de euro, pentru modernizarea infrastructurii de transport \u00een comun, a fost semnat, azi, la Prim\u0103ria T\u00e2rgu Jiu. Lucr\u0103rile ce presupun aproape 30 km de fir, sta\u021bii moderne de a\u0219teptare \u0219i modernizarea bazei societ\u0103\u021bii de transport public au ca [&hellip;]<\/p>\n","protected":false},"author":1,"featured_media":2872,"comment_status":"open","ping_status":"open","sticky":false,"template":"","format":"standard","meta":{"footnotes":""},"categories":[5,2,4],"tags":[],"class_list":["post-2869","post","type-post","status-publish","format-standard","has-post-thumbnail","hentry","category-actualitate","category-featured","category-ultima-ora"],"_links":{"self":[{"href":"https:\/\/radarmedia.ro\/index.php\/wp-json\/wp\/v2\/posts\/2869","targetHints":{"allow":["GET"]}}],"collection":[{"href":"https:\/\/radarmedia.ro\/index.php\/wp-json\/wp\/v2\/posts"}],"about":[{"href":"https:\/\/radarmedia.ro\/index.php\/wp-json\/wp\/v2\/types\/post"}],"author":[{"embeddable":true,"href":"https:\/\/radarmedia.ro\/index.php\/wp-json\/wp\/v2\/users\/1"}],"replies":[{"embeddable":true,"href":"https:\/\/radarmedia.ro\/index.php\/wp-json\/wp\/v2\/comments?post=2869"}],"version-history":[{"count":2,"href":"https:\/\/radarmedia.ro\/index.php\/wp-json\/wp\/v2\/posts\/2869\/revisions"}],"predecessor-version":[{"id":2871,"href":"https:\/\/radarmedia.ro\/index.php\/wp-json\/wp\/v2\/posts\/2869\/revisions\/2871"}],"wp:featuredmedia":[{"embeddable":true,"href":"https:\/\/radarmedia.ro\/index.php\/wp-json\/wp\/v2\/media\/2872"}],"wp:attachment":[{"href":"https:\/\/radarmedia.ro\/index.php\/wp-json\/wp\/v2\/media?parent=2869"}],"wp:term":[{"taxonomy":"category","embeddable":true,"href":"https:\/\/radarmedia.ro\/index.php\/wp-json\/wp\/v2\/categories?post=2869"},{"taxonomy":"post_tag","embeddable":true,"href":"https:\/\/radarmedia.ro\/index.php\/wp-json\/wp\/v2\/tags?post=2869"}],"curies":[{"name":"wp","href":"https:\/\/api.w.org\/{rel}","templated":true}]}}