{"id":2887,"date":"2022-02-28T18:21:08","date_gmt":"2022-02-28T16:21:08","guid":{"rendered":"http:\/\/radarmedia.ro\/?p=2887"},"modified":"2022-02-28T18:21:08","modified_gmt":"2022-02-28T16:21:08","slug":"groapa-ecologica-polueaza-targu-jiul-autoritatile-organizeaza-sezatori","status":"publish","type":"post","link":"https:\/\/radarmedia.ro\/index.php\/2022\/02\/28\/groapa-ecologica-polueaza-targu-jiul-autoritatile-organizeaza-sezatori\/","title":{"rendered":"Groapa &#8222;ecologic\u0103&#8221; polueaz\u0103 T\u00e2rgu Jiul. Autorit\u0103\u021bile organizeaz\u0103 \u0219ez\u0103tori"},"content":{"rendered":"<p>Depozitul de gunoi, de la marginea municipiului T\u00e2rgu Jiu, polueaz\u0103 de ani buni. \u00cen ciuda m\u0103surilor drastice, de suspendare a activit\u0103\u021bii, firma care administreaz\u0103 groapa a\u0219a-zis ecologic\u0103 nu pot stopa emanarea mirosurilor, care face imposibil traiul, pentru locuitorii de la periferia ora\u0219ului. Garda de Mediu Gorj a amendat, s\u0103pt\u0103m\u00e2na trecut\u0103, societatea Polaris M Holding, iar azi, la Prefectura Gorj s-a organizat o nou\u0103 \u00eent\u00e2lnire cu factori de decizie, din institu\u021biile abilitate, respectiv Protec\u021bia Mediului, Garda de Mediu, Direc\u021bia de S\u0103n\u0103tate Public\u0103 \u0219i Prim\u0103ria T\u00e2rgu Jiu. &#8222;\u00cen cadrul discu\u021biilor, reprezentan\u021bii firmei Polaris au transmis faptul c\u0103 s-au luat m\u0103suri \u00een vederea eficientiz\u0103rii activit\u0103\u021bii specifice prin efectuarea unei revizii la instala\u021bia de re\u021binere a emisiilor de hidrogen sulfurat de la sta\u021bia de epurare \u0219i a biofiltrului aferent. De asemenea, comisarii G\u0103rzii de Mediu Gorj au efectuat verific\u0103ri \u00een urma c\u0103rora s-a aplicat amenda contraven\u021bional\u0103 de 15.000 lei \u0219i s-a l\u0103sat un program de m\u0103suri pe care reprezentan\u021bii societ\u0103\u021bii s\u0103 le pun\u0103 \u00een aplicare etapizat \u00een perioada martie \u2013 iunie\u201d, au comunicat reprezentan\u021bii Prefecturii Gorj.<\/p>\n<p>Astfel de \u0219edin\u021be au mai fost organizate, \u00een ultimii ani, \u00eens\u0103 f\u0103r\u0103 a duce la oprirea polu\u0103rii.<\/p>\n","protected":false},"excerpt":{"rendered":"<p class=\"text-justify mb-2\" >Depozitul de gunoi, de la marginea municipiului T\u00e2rgu Jiu, polueaz\u0103 de ani buni. \u00cen ciuda m\u0103surilor drastice, de suspendare a activit\u0103\u021bii, firma care administreaz\u0103 groapa a\u0219a-zis ecologic\u0103 nu pot stopa emanarea mirosurilor, care face imposibil traiul, pentru locuitorii de la periferia ora\u0219ului. Garda de Mediu [&hellip;]<\/p>\n","protected":false},"author":1,"featured_media":105,"comment_status":"open","ping_status":"open","sticky":false,"template":"","format":"standard","meta":{"footnotes":""},"categories":[5,2,4],"tags":[],"class_list":["post-2887","post","type-post","status-publish","format-standard","has-post-thumbnail","hentry","category-actualitate","category-featured","category-ultima-ora"],"_links":{"self":[{"href":"https:\/\/radarmedia.ro\/index.php\/wp-json\/wp\/v2\/posts\/2887","targetHints":{"allow":["GET"]}}],"collection":[{"href":"https:\/\/radarmedia.ro\/index.php\/wp-json\/wp\/v2\/posts"}],"about":[{"href":"https:\/\/radarmedia.ro\/index.php\/wp-json\/wp\/v2\/types\/post"}],"author":[{"embeddable":true,"href":"https:\/\/radarmedia.ro\/index.php\/wp-json\/wp\/v2\/users\/1"}],"replies":[{"embeddable":true,"href":"https:\/\/radarmedia.ro\/index.php\/wp-json\/wp\/v2\/comments?post=2887"}],"version-history":[{"count":1,"href":"https:\/\/radarmedia.ro\/index.php\/wp-json\/wp\/v2\/posts\/2887\/revisions"}],"predecessor-version":[{"id":2888,"href":"https:\/\/radarmedia.ro\/index.php\/wp-json\/wp\/v2\/posts\/2887\/revisions\/2888"}],"wp:featuredmedia":[{"embeddable":true,"href":"https:\/\/radarmedia.ro\/index.php\/wp-json\/wp\/v2\/media\/105"}],"wp:attachment":[{"href":"https:\/\/radarmedia.ro\/index.php\/wp-json\/wp\/v2\/media?parent=2887"}],"wp:term":[{"taxonomy":"category","embeddable":true,"href":"https:\/\/radarmedia.ro\/index.php\/wp-json\/wp\/v2\/categories?post=2887"},{"taxonomy":"post_tag","embeddable":true,"href":"https:\/\/radarmedia.ro\/index.php\/wp-json\/wp\/v2\/tags?post=2887"}],"curies":[{"name":"wp","href":"https:\/\/api.w.org\/{rel}","templated":true}]}}