{"id":2889,"date":"2022-02-28T21:48:37","date_gmt":"2022-02-28T19:48:37","guid":{"rendered":"http:\/\/radarmedia.ro\/?p=2889"},"modified":"2022-02-28T21:48:37","modified_gmt":"2022-02-28T19:48:37","slug":"familia-unui-angajat-ceo-ramasa-fara-casa-dupa-un-incendiu-sase-persoane-sub-cerul-liber","status":"publish","type":"post","link":"https:\/\/radarmedia.ro\/index.php\/2022\/02\/28\/familia-unui-angajat-ceo-ramasa-fara-casa-dupa-un-incendiu-sase-persoane-sub-cerul-liber\/","title":{"rendered":"Familia unui angajat CEO, r\u0103mas\u0103 f\u0103r\u0103 cas\u0103, dup\u0103 un incendiu. \u0218ase persoane, sub cerul liber"},"content":{"rendered":"<div dir=\"auto\">Un lider din Complexul Oltenia face un apel c\u0103tre salaria\u021bi \u0219i oamenii de bine, pentru sprijinirea familiei unui coleg, care a r\u0103mas f\u0103r\u0103 cas\u0103. Imobilul a ars \u00eentr-un incendiu, iar cei \u0219ase membri ai familiei au r\u0103mas f\u0103r\u0103 un acoperi\u0219 deasupra capului,\u00een plin\u0103 iarn\u0103. &#8222;Ieri sear\u0103 unui coleg de-al nostru i-a luat foc casa! Este vorba de T\u0103nasie Marin, colegul nostru care lucreaz\u0103 ca sudor la S.E.Rovinari \u0219i c\u0103ruia i-a ars \u00een totalitate casa din Godine\u0219ti, jude\u021bul Gorj, acolo unde locuia \u00eempreun\u0103 cu al\u021bi 5 membri ai familiei, so\u021bie, copii \u0219i p\u0103rin\u021bi.<\/div>\n<div dir=\"auto\">Fac apel la to\u021bi colegii din C.E.Oltenia, la to\u021bi prietenii mei \u0219i la to\u021bi oamenii de bun\u0103 credin\u021b\u0103 \u0219i cu suflet bun, ca \u00eempreun\u0103 s\u0103 contribuim pentru a-i ajuta pe ace\u0219ti oameni s\u0103 \u00ee\u0219i reconstruiasc\u0103 c\u0103minul c\u00e2t mai repede posibil!\u00a0Contul \u00een lei: RO62RNCB0318041884060001<\/div>\n<div dir=\"auto\">Pe numele T\u0103nasie Marin Ion&#8221;, este apelul la solidaritate, f\u0103cut de Manu Tomescu, pe re\u021beaua de socializare.<\/div>\n<div dir=\"auto\">\n<div id='gallery-1' class='gallery galleryid-2889 gallery-columns-3 gallery-size-thumbnail'><figure class='gallery-item'>\n\t\t\t<div class='gallery-icon landscape'>\n\t\t\t\t<a href='https:\/\/radarmedia.ro\/index.php\/2022\/02\/28\/familia-unui-angajat-ceo-ramasa-fara-casa-dupa-un-incendiu-sase-persoane-sub-cerul-liber\/casa-miner2\/'><img loading=\"lazy\" decoding=\"async\" width=\"150\" height=\"150\" src=\"https:\/\/radarmedia.ro\/wp-content\/uploads\/2022\/02\/casa-miner2-150x150.jpg\" class=\"attachment-thumbnail size-thumbnail\" alt=\"\" \/><\/a>\n\t\t\t<\/div><\/figure><figure class='gallery-item'>\n\t\t\t<div class='gallery-icon portrait'>\n\t\t\t\t<a href='https:\/\/radarmedia.ro\/index.php\/2022\/02\/28\/familia-unui-angajat-ceo-ramasa-fara-casa-dupa-un-incendiu-sase-persoane-sub-cerul-liber\/casa-miner\/'><img loading=\"lazy\" decoding=\"async\" width=\"150\" height=\"150\" src=\"https:\/\/radarmedia.ro\/wp-content\/uploads\/2022\/02\/casa-miner-150x150.jpg\" class=\"attachment-thumbnail size-thumbnail\" alt=\"\" \/><\/a>\n\t\t\t<\/div><\/figure><figure class='gallery-item'>\n\t\t\t<div class='gallery-icon landscape'>\n\t\t\t\t<a href='https:\/\/radarmedia.ro\/index.php\/2022\/02\/28\/familia-unui-angajat-ceo-ramasa-fara-casa-dupa-un-incendiu-sase-persoane-sub-cerul-liber\/asa-miner3\/'><img loading=\"lazy\" decoding=\"async\" width=\"150\" height=\"150\" src=\"https:\/\/radarmedia.ro\/wp-content\/uploads\/2022\/02\/asa-miner3-150x150.jpg\" class=\"attachment-thumbnail size-thumbnail\" alt=\"\" \/><\/a>\n\t\t\t<\/div><\/figure>\n\t\t<\/div>\n\n<\/div>\n","protected":false},"excerpt":{"rendered":"<p class=\"text-justify mb-2\" >Un lider din Complexul Oltenia face un apel c\u0103tre salaria\u021bi \u0219i oamenii de bine, pentru sprijinirea familiei unui coleg, care a r\u0103mas f\u0103r\u0103 cas\u0103. Imobilul a ars \u00eentr-un incendiu, iar cei \u0219ase membri ai familiei au r\u0103mas f\u0103r\u0103 un acoperi\u0219 deasupra capului,\u00een plin\u0103 iarn\u0103. &#8222;Ieri [&hellip;]<\/p>\n","protected":false},"author":1,"featured_media":2890,"comment_status":"open","ping_status":"open","sticky":false,"template":"","format":"standard","meta":{"footnotes":""},"categories":[5,2,4],"tags":[],"class_list":["post-2889","post","type-post","status-publish","format-standard","has-post-thumbnail","hentry","category-actualitate","category-featured","category-ultima-ora"],"_links":{"self":[{"href":"https:\/\/radarmedia.ro\/index.php\/wp-json\/wp\/v2\/posts\/2889","targetHints":{"allow":["GET"]}}],"collection":[{"href":"https:\/\/radarmedia.ro\/index.php\/wp-json\/wp\/v2\/posts"}],"about":[{"href":"https:\/\/radarmedia.ro\/index.php\/wp-json\/wp\/v2\/types\/post"}],"author":[{"embeddable":true,"href":"https:\/\/radarmedia.ro\/index.php\/wp-json\/wp\/v2\/users\/1"}],"replies":[{"embeddable":true,"href":"https:\/\/radarmedia.ro\/index.php\/wp-json\/wp\/v2\/comments?post=2889"}],"version-history":[{"count":1,"href":"https:\/\/radarmedia.ro\/index.php\/wp-json\/wp\/v2\/posts\/2889\/revisions"}],"predecessor-version":[{"id":2893,"href":"https:\/\/radarmedia.ro\/index.php\/wp-json\/wp\/v2\/posts\/2889\/revisions\/2893"}],"wp:featuredmedia":[{"embeddable":true,"href":"https:\/\/radarmedia.ro\/index.php\/wp-json\/wp\/v2\/media\/2890"}],"wp:attachment":[{"href":"https:\/\/radarmedia.ro\/index.php\/wp-json\/wp\/v2\/media?parent=2889"}],"wp:term":[{"taxonomy":"category","embeddable":true,"href":"https:\/\/radarmedia.ro\/index.php\/wp-json\/wp\/v2\/categories?post=2889"},{"taxonomy":"post_tag","embeddable":true,"href":"https:\/\/radarmedia.ro\/index.php\/wp-json\/wp\/v2\/tags?post=2889"}],"curies":[{"name":"wp","href":"https:\/\/api.w.org\/{rel}","templated":true}]}}