{"id":2920,"date":"2022-03-03T09:17:14","date_gmt":"2022-03-03T07:17:14","guid":{"rendered":"http:\/\/radarmedia.ro\/?p=2920"},"modified":"2022-03-03T09:19:32","modified_gmt":"2022-03-03T07:19:32","slug":"minune-la-targu-jiu-a-inviat-marcel-personajul-omorat-de-un-jurnalist","status":"publish","type":"post","link":"https:\/\/radarmedia.ro\/index.php\/2022\/03\/03\/minune-la-targu-jiu-a-inviat-marcel-personajul-omorat-de-un-jurnalist\/","title":{"rendered":"Minune la T\u00e2rgu Jiu! A \u00eenviat Marcel, personajul &#8222;omor\u00e2t&#8221; de un jurnalist"},"content":{"rendered":"<p>Minune, la T\u00e2rgu Jiu, unde un personaj autohton, Marcel, a &#8222;\u00eenviat&#8221; din mor\u021bi. Imagini cu omul devenit, vedet\u0103 local\u0103, au fost postate pe re\u021belele de socializare, la o lun\u0103 dup\u0103 ce un site ce propag\u0103 fake-new-uri l-a declarat mort.<\/p>\n<p><img loading=\"lazy\" decoding=\"async\" class=\"alignleft size-medium wp-image-2923\" src=\"http:\/\/radarmedia.ro\/wp-content\/uploads\/2022\/03\/marcel-viu-si-mort-300x153.jpg\" alt=\"\" width=\"300\" height=\"153\" srcset=\"https:\/\/radarmedia.ro\/wp-content\/uploads\/2022\/03\/marcel-viu-si-mort-300x153.jpg 300w, https:\/\/radarmedia.ro\/wp-content\/uploads\/2022\/03\/marcel-viu-si-mort-768x391.jpg 768w, https:\/\/radarmedia.ro\/wp-content\/uploads\/2022\/03\/marcel-viu-si-mort-696x355.jpg 696w, https:\/\/radarmedia.ro\/wp-content\/uploads\/2022\/03\/marcel-viu-si-mort-824x420.jpg 824w, https:\/\/radarmedia.ro\/wp-content\/uploads\/2022\/03\/marcel-viu-si-mort.jpg 930w\" sizes=\"auto, (max-width: 300px) 100vw, 300px\" \/><\/p>\n<p>La postarea unui t\u00e2rgujian, care confirm\u0103 c\u0103 Marcel e \u00een via\u021b\u0103, au \u00eenceput s\u0103 curg\u0103 glumele.<\/p>\n<p>P.S.: Jurnalistul &#8222;criminal&#8221; nu are mustr\u0103ri, c\u0103 face pres\u0103 pe genunchi, dup\u0103 reguli de radio-\u0219an\u021b.<\/p>\n","protected":false},"excerpt":{"rendered":"<p class=\"text-justify mb-2\" >Minune, la T\u00e2rgu Jiu, unde un personaj autohton, Marcel, a &#8222;\u00eenviat&#8221; din mor\u021bi. Imagini cu omul devenit, vedet\u0103 local\u0103, au fost postate pe re\u021belele de socializare, la o lun\u0103 dup\u0103 ce un site ce propag\u0103 fake-new-uri l-a declarat mort. La postarea unui t\u00e2rgujian, care confirm\u0103 [&hellip;]<\/p>\n","protected":false},"author":1,"featured_media":2925,"comment_status":"open","ping_status":"open","sticky":false,"template":"","format":"standard","meta":{"footnotes":""},"categories":[5,1,2,4],"tags":[],"class_list":["post-2920","post","type-post","status-publish","format-standard","has-post-thumbnail","hentry","category-actualitate","category-fara-categorie","category-featured","category-ultima-ora"],"_links":{"self":[{"href":"https:\/\/radarmedia.ro\/index.php\/wp-json\/wp\/v2\/posts\/2920","targetHints":{"allow":["GET"]}}],"collection":[{"href":"https:\/\/radarmedia.ro\/index.php\/wp-json\/wp\/v2\/posts"}],"about":[{"href":"https:\/\/radarmedia.ro\/index.php\/wp-json\/wp\/v2\/types\/post"}],"author":[{"embeddable":true,"href":"https:\/\/radarmedia.ro\/index.php\/wp-json\/wp\/v2\/users\/1"}],"replies":[{"embeddable":true,"href":"https:\/\/radarmedia.ro\/index.php\/wp-json\/wp\/v2\/comments?post=2920"}],"version-history":[{"count":2,"href":"https:\/\/radarmedia.ro\/index.php\/wp-json\/wp\/v2\/posts\/2920\/revisions"}],"predecessor-version":[{"id":2924,"href":"https:\/\/radarmedia.ro\/index.php\/wp-json\/wp\/v2\/posts\/2920\/revisions\/2924"}],"wp:featuredmedia":[{"embeddable":true,"href":"https:\/\/radarmedia.ro\/index.php\/wp-json\/wp\/v2\/media\/2925"}],"wp:attachment":[{"href":"https:\/\/radarmedia.ro\/index.php\/wp-json\/wp\/v2\/media?parent=2920"}],"wp:term":[{"taxonomy":"category","embeddable":true,"href":"https:\/\/radarmedia.ro\/index.php\/wp-json\/wp\/v2\/categories?post=2920"},{"taxonomy":"post_tag","embeddable":true,"href":"https:\/\/radarmedia.ro\/index.php\/wp-json\/wp\/v2\/tags?post=2920"}],"curies":[{"name":"wp","href":"https:\/\/api.w.org\/{rel}","templated":true}]}}