{"id":2926,"date":"2022-03-03T15:08:08","date_gmt":"2022-03-03T13:08:08","guid":{"rendered":"http:\/\/radarmedia.ro\/?p=2926"},"modified":"2022-03-03T15:08:08","modified_gmt":"2022-03-03T13:08:08","slug":"profesor-filmat-cand-agresa-un-elev-nu-a-fost-o-palma-a-fost-o-rafala","status":"publish","type":"post","link":"https:\/\/radarmedia.ro\/index.php\/2022\/03\/03\/profesor-filmat-cand-agresa-un-elev-nu-a-fost-o-palma-a-fost-o-rafala\/","title":{"rendered":"Profesor filmat c\u00e2nd agresa un elev. &#8222;Nu a fost o palm\u0103, a fost o rafal\u0103&#8221;"},"content":{"rendered":"<p>Un profesor din T\u00e2rgu Jiu a fost re\u021binut, pentru agresarea unui elev, de la o \u0219coal\u0103 din Scoar\u021ba, la care preda. Profesorul de 62 de ani a fost \u00eenregistrat de un alt elev, c\u00e2nd \u00eel p\u0103lmuia pe copilul de 14 ani. Poli\u021bi\u0219tii l-au re\u021binut pentru 24 de ore, iar conducerea Inspectoratului \u0218colar Gorj cere demararea unei cercet\u0103ri disciplinare. &#8222;ISJ Gorj a fost \u00een\u0219tiin\u021bat de c\u0103tre conducerea unit\u0103tii \u0219colare de la Scoar\u021ba cum c\u0103 un profesor a lovit un elev \u00een timpul orei de curs. Gestul a fost filmat de un alt elev \u0219i filmul a fost trimis la poli\u021bie. Am aflat la scurt timp c\u0103 profesorul a fost re\u021binut timp de 24 de ore. Am vizionat si eu filmarea \u0219i m-a revoltat gestul profesorului: nu a fost o palm\u0103, a fost o rafal\u0103 de palme. Am chemat-o pe doamna director Alina Bobei la sediul ISJ \u00een aceast\u0103 diminea\u021b\u0103 \u0219i i-am recomandat s\u0103 dispun\u0103 o cercetare disciplinar\u0103 \u00een cadrul \u0219colii \u0219i s\u0103 ne \u00een\u0219tiin\u021beze sanc\u021biunea aplicat\u0103&#8221;, a comunicat Dana Constantinescu, \u0219efa ISJ Gorj.<\/p>\n","protected":false},"excerpt":{"rendered":"<p class=\"text-justify mb-2\" >Un profesor din T\u00e2rgu Jiu a fost re\u021binut, pentru agresarea unui elev, de la o \u0219coal\u0103 din Scoar\u021ba, la care preda. Profesorul de 62 de ani a fost \u00eenregistrat de un alt elev, c\u00e2nd \u00eel p\u0103lmuia pe copilul de 14 ani. Poli\u021bi\u0219tii l-au re\u021binut pentru [&hellip;]<\/p>\n","protected":false},"author":1,"featured_media":2927,"comment_status":"open","ping_status":"open","sticky":false,"template":"","format":"standard","meta":{"footnotes":""},"categories":[13,2,4],"tags":[],"class_list":["post-2926","post","type-post","status-publish","format-standard","has-post-thumbnail","hentry","category-eveniment","category-featured","category-ultima-ora"],"_links":{"self":[{"href":"https:\/\/radarmedia.ro\/index.php\/wp-json\/wp\/v2\/posts\/2926","targetHints":{"allow":["GET"]}}],"collection":[{"href":"https:\/\/radarmedia.ro\/index.php\/wp-json\/wp\/v2\/posts"}],"about":[{"href":"https:\/\/radarmedia.ro\/index.php\/wp-json\/wp\/v2\/types\/post"}],"author":[{"embeddable":true,"href":"https:\/\/radarmedia.ro\/index.php\/wp-json\/wp\/v2\/users\/1"}],"replies":[{"embeddable":true,"href":"https:\/\/radarmedia.ro\/index.php\/wp-json\/wp\/v2\/comments?post=2926"}],"version-history":[{"count":1,"href":"https:\/\/radarmedia.ro\/index.php\/wp-json\/wp\/v2\/posts\/2926\/revisions"}],"predecessor-version":[{"id":2928,"href":"https:\/\/radarmedia.ro\/index.php\/wp-json\/wp\/v2\/posts\/2926\/revisions\/2928"}],"wp:featuredmedia":[{"embeddable":true,"href":"https:\/\/radarmedia.ro\/index.php\/wp-json\/wp\/v2\/media\/2927"}],"wp:attachment":[{"href":"https:\/\/radarmedia.ro\/index.php\/wp-json\/wp\/v2\/media?parent=2926"}],"wp:term":[{"taxonomy":"category","embeddable":true,"href":"https:\/\/radarmedia.ro\/index.php\/wp-json\/wp\/v2\/categories?post=2926"},{"taxonomy":"post_tag","embeddable":true,"href":"https:\/\/radarmedia.ro\/index.php\/wp-json\/wp\/v2\/tags?post=2926"}],"curies":[{"name":"wp","href":"https:\/\/api.w.org\/{rel}","templated":true}]}}