{"id":3539,"date":"2022-05-05T09:48:02","date_gmt":"2022-05-05T06:48:02","guid":{"rendered":"http:\/\/radarmedia.ro\/?p=3539"},"modified":"2022-05-05T09:48:02","modified_gmt":"2022-05-05T06:48:02","slug":"legea-ce-reduce-varsta-de-pensionare-pentru-mineri-recunoscuta-de-tribunalul-iasi","status":"publish","type":"post","link":"https:\/\/radarmedia.ro\/index.php\/2022\/05\/05\/legea-ce-reduce-varsta-de-pensionare-pentru-mineri-recunoscuta-de-tribunalul-iasi\/","title":{"rendered":"Legea ce reduce v\u00e2rsta de pensionare pentru mineri, recunoscut\u0103 de Tribunalul Ia\u0219i"},"content":{"rendered":"<p>Legea 197, adoptat\u0103 anul trecut, care stabile\u0219te ie\u0219irea din c\u00e2mpul muncii pentru mineri \u0219i energeticieni, dar blocat\u0103 de casele pe pensii, a ob\u021binut c\u00e2\u0219tig de cauz\u0103 la Tribunalul Ia\u0219i. O instan\u021b\u0103 de judecat\u0103 oblig\u0103 la reducerea v\u00e2rstei de pensionare la 52 de ani, \u00een domeniile minier \u0219i energetic. Decizii similare au fost emise \u0219i de instan\u021be din Hunedoara \u0219i Mehedin\u021bi, \u00eens\u0103 cele din Gorj interpreteaz\u0103 diferit legea. \u201dUn alt tribunal din \u021bar\u0103 oblig\u0103 la respectarea Legii 197\/2021 \u0219i acord\u0103 angaja\u021bilor din minerit \u0219i energie dreptul la pensie consider\u00e2nd condi\u021bii speciale toat\u0103 perioada lucrat\u0103 \u00een produc\u021bie, nu doar ce a fost \u00eenainte de 2001 \u0219i doar pentru unii, a\u0219a cum vor cei de la PSD-PNL. Dup\u0103 decizii asem\u0103n\u0103toare la tribunalele din Hunedoara, Mehedin\u021bi, iat\u0103 c\u0103 \u0219i Tribunalul Ia\u0219i face dreptate\u201d, a anun\u021bat deputatul Radu Miru\u021b\u0103.<\/p>\n","protected":false},"excerpt":{"rendered":"<p class=\"text-justify mb-2\" >Legea 197, adoptat\u0103 anul trecut, care stabile\u0219te ie\u0219irea din c\u00e2mpul muncii pentru mineri \u0219i energeticieni, dar blocat\u0103 de casele pe pensii, a ob\u021binut c\u00e2\u0219tig de cauz\u0103 la Tribunalul Ia\u0219i. O instan\u021b\u0103 de judecat\u0103 oblig\u0103 la reducerea v\u00e2rstei de pensionare la 52 de ani, \u00een domeniile [&hellip;]<\/p>\n","protected":false},"author":1,"featured_media":558,"comment_status":"open","ping_status":"open","sticky":false,"template":"","format":"standard","meta":{"footnotes":""},"categories":[7,2,4],"tags":[],"class_list":["post-3539","post","type-post","status-publish","format-standard","has-post-thumbnail","hentry","category-economie","category-featured","category-ultima-ora"],"_links":{"self":[{"href":"https:\/\/radarmedia.ro\/index.php\/wp-json\/wp\/v2\/posts\/3539","targetHints":{"allow":["GET"]}}],"collection":[{"href":"https:\/\/radarmedia.ro\/index.php\/wp-json\/wp\/v2\/posts"}],"about":[{"href":"https:\/\/radarmedia.ro\/index.php\/wp-json\/wp\/v2\/types\/post"}],"author":[{"embeddable":true,"href":"https:\/\/radarmedia.ro\/index.php\/wp-json\/wp\/v2\/users\/1"}],"replies":[{"embeddable":true,"href":"https:\/\/radarmedia.ro\/index.php\/wp-json\/wp\/v2\/comments?post=3539"}],"version-history":[{"count":1,"href":"https:\/\/radarmedia.ro\/index.php\/wp-json\/wp\/v2\/posts\/3539\/revisions"}],"predecessor-version":[{"id":3540,"href":"https:\/\/radarmedia.ro\/index.php\/wp-json\/wp\/v2\/posts\/3539\/revisions\/3540"}],"wp:featuredmedia":[{"embeddable":true,"href":"https:\/\/radarmedia.ro\/index.php\/wp-json\/wp\/v2\/media\/558"}],"wp:attachment":[{"href":"https:\/\/radarmedia.ro\/index.php\/wp-json\/wp\/v2\/media?parent=3539"}],"wp:term":[{"taxonomy":"category","embeddable":true,"href":"https:\/\/radarmedia.ro\/index.php\/wp-json\/wp\/v2\/categories?post=3539"},{"taxonomy":"post_tag","embeddable":true,"href":"https:\/\/radarmedia.ro\/index.php\/wp-json\/wp\/v2\/tags?post=3539"}],"curies":[{"name":"wp","href":"https:\/\/api.w.org\/{rel}","templated":true}]}}