{"id":3541,"date":"2022-05-05T17:39:32","date_gmt":"2022-05-05T14:39:32","guid":{"rendered":"http:\/\/radarmedia.ro\/?p=3541"},"modified":"2022-05-05T17:39:32","modified_gmt":"2022-05-05T14:39:32","slug":"doctori-si-profesori-din-tara-si-strainatate-la-universitatea-din-targu-jiu","status":"publish","type":"post","link":"https:\/\/radarmedia.ro\/index.php\/2022\/05\/05\/doctori-si-profesori-din-tara-si-strainatate-la-universitatea-din-targu-jiu\/","title":{"rendered":"Doctori \u0219i profesori din \u021bar\u0103 \u0219i str\u0103in\u0103tate, la Universitatea din T\u00e2rgu Jiu"},"content":{"rendered":"<p>Universitatea \u201eConstantin Br\u00e2ncu\u0219i\u201d din T\u00e2rgu Jiu, Facultatea de \u0218tiin\u021be Medicale \u0219i Comportamentale, Colegiul Medicilor Gorj \u0219i MedWay Events organizeaz\u0103 prima manifestare \u0219tiin\u021bific\u0103 \u201eDe la preven\u021bie la tratament \u00een patologiile cronice\u201d. Evenimentul este primul organizat de noul pre\u0219edinte al Senatului UCB, Prof. Univ. Dr. Hora\u021biu Tiberiu Gorun. Cu aceast\u0103 ocazie, la T\u00e2rgu Jiu vor ajunge doctori \u0219i profesori universitari recunoscu\u021bi pe plan na\u021bional \u0219i interna\u021bional. Activit\u0103\u021bile vor debuta m\u00e2ine, la ora 12.00, la Facultatea de \u0218tiin\u021be Medicale \u0219i Comportamentale reprezentat\u0103 de decan, Prof. Univ. Dr. Monica Delia B\u00eec\u0103 \u00a0\u0219i se vor desf\u0103\u0219ura pe parcursul a trei zile. Astfel, vor avea loc dezbateri despre:<\/p>\n<ul>\n<li>Particularit\u0103\u021bi \u00een infec\u021bia \u0219i evolu\u021bia post COVID-19 ale afec\u021biunilor neurologice \u0219i psihiatrice;<\/li>\n<li>Afec\u021biuni digestive \u0219i hepatice;<\/li>\n<li>Diabet \u0219i complica\u021bii;<\/li>\n<li>Vaccinare \u0219i epidemiologie.<\/li>\n<li>De asemenea, tot m\u00e2ine, Facultatea de \u0218tiin\u021be Economice va organiza Concursul Na\u021bional de Eseuri \u201eECONOMIA PRIVIT\u0102 PRIN OCHII MEI\u201d, eveniment care a ajuns deja la edi\u021bia cu num\u0103rul cinci. Tot cu aceast\u0103 ocazie, va debuta \u0219i Sesiunea de Comunic\u0103ri \u0218tiin\u021bifice Studen\u021be\u0219ti \u201eECOSTUDENT\u201d.<\/li>\n<\/ul>\n","protected":false},"excerpt":{"rendered":"<p class=\"text-justify mb-2\" >Universitatea \u201eConstantin Br\u00e2ncu\u0219i\u201d din T\u00e2rgu Jiu, Facultatea de \u0218tiin\u021be Medicale \u0219i Comportamentale, Colegiul Medicilor Gorj \u0219i MedWay Events organizeaz\u0103 prima manifestare \u0219tiin\u021bific\u0103 \u201eDe la preven\u021bie la tratament \u00een patologiile cronice\u201d. Evenimentul este primul organizat de noul pre\u0219edinte al Senatului UCB, Prof. Univ. Dr. Hora\u021biu Tiberiu [&hellip;]<\/p>\n","protected":false},"author":1,"featured_media":3542,"comment_status":"open","ping_status":"open","sticky":false,"template":"","format":"standard","meta":{"footnotes":""},"categories":[5,2,4],"tags":[],"class_list":["post-3541","post","type-post","status-publish","format-standard","has-post-thumbnail","hentry","category-actualitate","category-featured","category-ultima-ora"],"_links":{"self":[{"href":"https:\/\/radarmedia.ro\/index.php\/wp-json\/wp\/v2\/posts\/3541","targetHints":{"allow":["GET"]}}],"collection":[{"href":"https:\/\/radarmedia.ro\/index.php\/wp-json\/wp\/v2\/posts"}],"about":[{"href":"https:\/\/radarmedia.ro\/index.php\/wp-json\/wp\/v2\/types\/post"}],"author":[{"embeddable":true,"href":"https:\/\/radarmedia.ro\/index.php\/wp-json\/wp\/v2\/users\/1"}],"replies":[{"embeddable":true,"href":"https:\/\/radarmedia.ro\/index.php\/wp-json\/wp\/v2\/comments?post=3541"}],"version-history":[{"count":1,"href":"https:\/\/radarmedia.ro\/index.php\/wp-json\/wp\/v2\/posts\/3541\/revisions"}],"predecessor-version":[{"id":3543,"href":"https:\/\/radarmedia.ro\/index.php\/wp-json\/wp\/v2\/posts\/3541\/revisions\/3543"}],"wp:featuredmedia":[{"embeddable":true,"href":"https:\/\/radarmedia.ro\/index.php\/wp-json\/wp\/v2\/media\/3542"}],"wp:attachment":[{"href":"https:\/\/radarmedia.ro\/index.php\/wp-json\/wp\/v2\/media?parent=3541"}],"wp:term":[{"taxonomy":"category","embeddable":true,"href":"https:\/\/radarmedia.ro\/index.php\/wp-json\/wp\/v2\/categories?post=3541"},{"taxonomy":"post_tag","embeddable":true,"href":"https:\/\/radarmedia.ro\/index.php\/wp-json\/wp\/v2\/tags?post=3541"}],"curies":[{"name":"wp","href":"https:\/\/api.w.org\/{rel}","templated":true}]}}