{"id":3544,"date":"2022-05-05T18:00:33","date_gmt":"2022-05-05T15:00:33","guid":{"rendered":"http:\/\/radarmedia.ro\/?p=3544"},"modified":"2022-05-05T18:00:33","modified_gmt":"2022-05-05T15:00:33","slug":"oficial-parlamentarii-raman-cu-pensiile-nesimtite-cum-pot-fi-totusi-taiate","status":"publish","type":"post","link":"https:\/\/radarmedia.ro\/index.php\/2022\/05\/05\/oficial-parlamentarii-raman-cu-pensiile-nesimtite-cum-pot-fi-totusi-taiate\/","title":{"rendered":"Oficial! Parlamentarii r\u0103m\u00e2n cu pensiile nesim\u021bite. Cum pot fi, totu\u0219i, t\u0103iate"},"content":{"rendered":"<p>Legea care a desfiin\u021bat, \u00een urm\u0103 cu un an, pensiile speciale ale parlamentarilor, a fost declarat\u0103 neconstitu\u021bional\u0103, de Curtea Constitu\u021bional\u0103 a Rom\u00e2niei. Judec\u0103torii CCR au declarat neconstitu\u0163ionalitatea, din cauza unor aspecte de procedur\u0103. Proiectul de lege a fost dezb\u0103tut la foc automat, de\u0219i nu se afla \u00een procedur\u0103 de urgen\u0163\u0103. Unii senatori \u0219i deputa\u021bi vor primi chiar \u0219i 15.000 de lei, aici \u00eencadr\u00e2ndu-se cei cu mai multe mandate. Totu\u0219i, pensiile nesim\u021bite pot fi eliminate, printr-o nou\u0103 lege, care s\u0103 respecte etapele din circuitul parlamentar. Reprezentan\u021bii PSD au declarat, dup\u0103 aflarea deciziei, c\u0103 partidul va ini\u021bia o nou\u0103 procedur\u0103 parlamentar\u0103, dup\u0103 publicarea motiv\u0103rii CCR.<\/p>\n","protected":false},"excerpt":{"rendered":"<p class=\"text-justify mb-2\" >Legea care a desfiin\u021bat, \u00een urm\u0103 cu un an, pensiile speciale ale parlamentarilor, a fost declarat\u0103 neconstitu\u021bional\u0103, de Curtea Constitu\u021bional\u0103 a Rom\u00e2niei. Judec\u0103torii CCR au declarat neconstitu\u0163ionalitatea, din cauza unor aspecte de procedur\u0103. Proiectul de lege a fost dezb\u0103tut la foc automat, de\u0219i nu se [&hellip;]<\/p>\n","protected":false},"author":1,"featured_media":3545,"comment_status":"open","ping_status":"open","sticky":false,"template":"","format":"standard","meta":{"footnotes":""},"categories":[2,6,4],"tags":[],"class_list":["post-3544","post","type-post","status-publish","format-standard","has-post-thumbnail","hentry","category-featured","category-national","category-ultima-ora"],"_links":{"self":[{"href":"https:\/\/radarmedia.ro\/index.php\/wp-json\/wp\/v2\/posts\/3544","targetHints":{"allow":["GET"]}}],"collection":[{"href":"https:\/\/radarmedia.ro\/index.php\/wp-json\/wp\/v2\/posts"}],"about":[{"href":"https:\/\/radarmedia.ro\/index.php\/wp-json\/wp\/v2\/types\/post"}],"author":[{"embeddable":true,"href":"https:\/\/radarmedia.ro\/index.php\/wp-json\/wp\/v2\/users\/1"}],"replies":[{"embeddable":true,"href":"https:\/\/radarmedia.ro\/index.php\/wp-json\/wp\/v2\/comments?post=3544"}],"version-history":[{"count":1,"href":"https:\/\/radarmedia.ro\/index.php\/wp-json\/wp\/v2\/posts\/3544\/revisions"}],"predecessor-version":[{"id":3546,"href":"https:\/\/radarmedia.ro\/index.php\/wp-json\/wp\/v2\/posts\/3544\/revisions\/3546"}],"wp:featuredmedia":[{"embeddable":true,"href":"https:\/\/radarmedia.ro\/index.php\/wp-json\/wp\/v2\/media\/3545"}],"wp:attachment":[{"href":"https:\/\/radarmedia.ro\/index.php\/wp-json\/wp\/v2\/media?parent=3544"}],"wp:term":[{"taxonomy":"category","embeddable":true,"href":"https:\/\/radarmedia.ro\/index.php\/wp-json\/wp\/v2\/categories?post=3544"},{"taxonomy":"post_tag","embeddable":true,"href":"https:\/\/radarmedia.ro\/index.php\/wp-json\/wp\/v2\/tags?post=3544"}],"curies":[{"name":"wp","href":"https:\/\/api.w.org\/{rel}","templated":true}]}}