{"id":3547,"date":"2022-05-05T18:16:17","date_gmt":"2022-05-05T15:16:17","guid":{"rendered":"http:\/\/radarmedia.ro\/?p=3547"},"modified":"2022-05-05T18:16:17","modified_gmt":"2022-05-05T15:16:17","slug":"se-pregatesc-traseele-pentru-buggy-race-si-ciclism-in-poiana-narciselor","status":"publish","type":"post","link":"https:\/\/radarmedia.ro\/index.php\/2022\/05\/05\/se-pregatesc-traseele-pentru-buggy-race-si-ciclism-in-poiana-narciselor\/","title":{"rendered":"Se preg\u0103tesc traseele pentru buggy-race \u0219i ciclism, \u00een Poiana Narciselor"},"content":{"rendered":"<p>\u00cen Poiana Narciselor, de la marginea T\u00e2rgu Jiului, preg\u0103tirile pentru s\u0103rb\u0103toarea de duminic\u0103 sunt \u00een toi. Evenimentul a ajuns la a XX-a edi\u021bie. Utilajele societ\u0103\u021bii Edilitara amenajeaz\u0103 traseele pentru &#8222;Cupa Narciselor 2022&#8221;, ce va avea competi\u021bii de buggy \u0219i de ciclism. 15 echipaje de buggy \u0219i 20 de concuren\u021bi MTB cross s-au \u00eenscris p\u00e2n\u0103 acum. Cicli\u0219tii care vor s\u0103 participe la concurs se pot \u00eenscrie \u0219i \u00eenainte de debutul concursului. Pentru a putea concura, trebuie s\u0103 aib\u0103 la ei un act de identitate.<\/p>\n<p>\u00centrecerile se desf\u0103\u0219oar\u0103 \u00een intervalul 11:00 &#8211; 15:00<\/p>\n","protected":false},"excerpt":{"rendered":"<p class=\"text-justify mb-2\" >\u00cen Poiana Narciselor, de la marginea T\u00e2rgu Jiului, preg\u0103tirile pentru s\u0103rb\u0103toarea de duminic\u0103 sunt \u00een toi. Evenimentul a ajuns la a XX-a edi\u021bie. Utilajele societ\u0103\u021bii Edilitara amenajeaz\u0103 traseele pentru &#8222;Cupa Narciselor 2022&#8221;, ce va avea competi\u021bii de buggy \u0219i de ciclism. 15 echipaje de buggy [&hellip;]<\/p>\n","protected":false},"author":1,"featured_media":3548,"comment_status":"open","ping_status":"open","sticky":false,"template":"","format":"standard","meta":{"footnotes":""},"categories":[5,4],"tags":[],"class_list":["post-3547","post","type-post","status-publish","format-standard","has-post-thumbnail","hentry","category-actualitate","category-ultima-ora"],"_links":{"self":[{"href":"https:\/\/radarmedia.ro\/index.php\/wp-json\/wp\/v2\/posts\/3547","targetHints":{"allow":["GET"]}}],"collection":[{"href":"https:\/\/radarmedia.ro\/index.php\/wp-json\/wp\/v2\/posts"}],"about":[{"href":"https:\/\/radarmedia.ro\/index.php\/wp-json\/wp\/v2\/types\/post"}],"author":[{"embeddable":true,"href":"https:\/\/radarmedia.ro\/index.php\/wp-json\/wp\/v2\/users\/1"}],"replies":[{"embeddable":true,"href":"https:\/\/radarmedia.ro\/index.php\/wp-json\/wp\/v2\/comments?post=3547"}],"version-history":[{"count":1,"href":"https:\/\/radarmedia.ro\/index.php\/wp-json\/wp\/v2\/posts\/3547\/revisions"}],"predecessor-version":[{"id":3549,"href":"https:\/\/radarmedia.ro\/index.php\/wp-json\/wp\/v2\/posts\/3547\/revisions\/3549"}],"wp:featuredmedia":[{"embeddable":true,"href":"https:\/\/radarmedia.ro\/index.php\/wp-json\/wp\/v2\/media\/3548"}],"wp:attachment":[{"href":"https:\/\/radarmedia.ro\/index.php\/wp-json\/wp\/v2\/media?parent=3547"}],"wp:term":[{"taxonomy":"category","embeddable":true,"href":"https:\/\/radarmedia.ro\/index.php\/wp-json\/wp\/v2\/categories?post=3547"},{"taxonomy":"post_tag","embeddable":true,"href":"https:\/\/radarmedia.ro\/index.php\/wp-json\/wp\/v2\/tags?post=3547"}],"curies":[{"name":"wp","href":"https:\/\/api.w.org\/{rel}","templated":true}]}}