{"id":3836,"date":"2022-06-06T08:29:43","date_gmt":"2022-06-06T05:29:43","guid":{"rendered":"http:\/\/radarmedia.ro\/?p=3836"},"modified":"2022-06-06T08:29:43","modified_gmt":"2022-06-06T05:29:43","slug":"a-inceput-bacalaureatul-unde-se-sustin-examene-in-gorj","status":"publish","type":"post","link":"https:\/\/radarmedia.ro\/index.php\/2022\/06\/06\/a-inceput-bacalaureatul-unde-se-sustin-examene-in-gorj\/","title":{"rendered":"A \u00eenceput bacalaureatul. Unde se sus\u021bin examene \u00een Gorj"},"content":{"rendered":"<p>Examenele de bacalaureat \u00eencep azi, cu evaluarea competen\u021belor lingvistice de comunicare oral\u0103 \u00een limba rom\u00e2n\u0103. \u00cen jude\u021bul Gorj, examenele sunt organizate \u00een nou\u0103 centre.<\/p>\n<p>Calendarul examenelor:<\/p>\n<ul>\n<li>23 \u2013 27 mai 2022: \u00censcrierea candida\u021bilor la prima sesiune de examen<\/li>\n<li>27 mai 2022: \u00cencheierea cursurilor pentru clasa a XII-a\/a XIII-a<\/li>\n<li>6 \u2013 8 iunie 2022: Evaluarea competen\u021belor lingvistice de comunicare oral\u0103 \u00een limba rom\u00e2n\u0103 \u2014 proba A<\/li>\n<li>8 \u2013 9 iunie 2022: Evaluarea competen\u021belor lingvistice de comunicare oral\u0103 \u00een limba matern\u0103 \u2014 proba B<\/li>\n<li>9 \u2013 10 iunie 2022: Evaluarea competen\u021belor digitale \u2014 proba D<\/li>\n<li>13 \u2013 15 iunie 2022: Evaluarea competen\u021belor lingvistice \u00eentr-o limb\u0103 de circula\u021bie interna\u021bional\u0103 \u2014 proba C<\/li>\n<li>20 iunie 2022: Limba \u0219i literatura rom\u00e2n\u0103 \u2014 proba E.a) \u2014 proba scris\u0103<\/li>\n<li>21 iunie 2022: Proba obligatorie a profilului \u2014 proba E.c) \u2014 proba scris\u0103<\/li>\n<li>22 iunie 2022: Proba la alegere a profilului \u0219i specializ\u0103rii \u2014 proba E.d) \u2014 proba scris\u0103<\/li>\n<li>23 iunie 2022: Limba \u0219i literatura matern\u0103 \u2014 proba E.b) \u2014 proba scris\u0103<\/li>\n<li>27 iunie 2022: Afi\u0219area rezultatelor la probele scrise (p\u00e2n\u0103 la ora 12:00) \u0219i depunerea contesta\u021biilor \u00een intervalul orar 12:00 \u2013 18:00<\/li>\n<li>28 \u2013 30 iunie 2022: Rezolvarea contesta\u021biilor<\/li>\n<li>1 iulie 2022: Afi\u0219area rezultatelor finale<\/li>\n<\/ul>\n","protected":false},"excerpt":{"rendered":"<p class=\"text-justify mb-2\" >Examenele de bacalaureat \u00eencep azi, cu evaluarea competen\u021belor lingvistice de comunicare oral\u0103 \u00een limba rom\u00e2n\u0103. \u00cen jude\u021bul Gorj, examenele sunt organizate \u00een nou\u0103 centre. Calendarul examenelor: 23 \u2013 27 mai 2022: \u00censcrierea candida\u021bilor la prima sesiune de examen 27 mai 2022: \u00cencheierea cursurilor pentru clasa [&hellip;]<\/p>\n","protected":false},"author":2,"featured_media":3837,"comment_status":"open","ping_status":"open","sticky":false,"template":"","format":"standard","meta":{"footnotes":""},"categories":[2,6,4],"tags":[],"class_list":["post-3836","post","type-post","status-publish","format-standard","has-post-thumbnail","hentry","category-featured","category-national","category-ultima-ora"],"_links":{"self":[{"href":"https:\/\/radarmedia.ro\/index.php\/wp-json\/wp\/v2\/posts\/3836","targetHints":{"allow":["GET"]}}],"collection":[{"href":"https:\/\/radarmedia.ro\/index.php\/wp-json\/wp\/v2\/posts"}],"about":[{"href":"https:\/\/radarmedia.ro\/index.php\/wp-json\/wp\/v2\/types\/post"}],"author":[{"embeddable":true,"href":"https:\/\/radarmedia.ro\/index.php\/wp-json\/wp\/v2\/users\/2"}],"replies":[{"embeddable":true,"href":"https:\/\/radarmedia.ro\/index.php\/wp-json\/wp\/v2\/comments?post=3836"}],"version-history":[{"count":1,"href":"https:\/\/radarmedia.ro\/index.php\/wp-json\/wp\/v2\/posts\/3836\/revisions"}],"predecessor-version":[{"id":3838,"href":"https:\/\/radarmedia.ro\/index.php\/wp-json\/wp\/v2\/posts\/3836\/revisions\/3838"}],"wp:featuredmedia":[{"embeddable":true,"href":"https:\/\/radarmedia.ro\/index.php\/wp-json\/wp\/v2\/media\/3837"}],"wp:attachment":[{"href":"https:\/\/radarmedia.ro\/index.php\/wp-json\/wp\/v2\/media?parent=3836"}],"wp:term":[{"taxonomy":"category","embeddable":true,"href":"https:\/\/radarmedia.ro\/index.php\/wp-json\/wp\/v2\/categories?post=3836"},{"taxonomy":"post_tag","embeddable":true,"href":"https:\/\/radarmedia.ro\/index.php\/wp-json\/wp\/v2\/tags?post=3836"}],"curies":[{"name":"wp","href":"https:\/\/api.w.org\/{rel}","templated":true}]}}