{"id":4081,"date":"2022-07-07T13:04:40","date_gmt":"2022-07-07T10:04:40","guid":{"rendered":"http:\/\/radarmedia.ro\/?p=4081"},"modified":"2022-07-07T13:04:40","modified_gmt":"2022-07-07T10:04:40","slug":"sefa-isj-si-un-adjunct-au-demisionat","status":"publish","type":"post","link":"https:\/\/radarmedia.ro\/index.php\/2022\/07\/07\/sefa-isj-si-un-adjunct-au-demisionat\/","title":{"rendered":"\u0218efa ISJ \u0219i un adjunct au demisionat"},"content":{"rendered":"<p>\u0218efa Inspectoratului \u0218colar Jude\u021bean (ISJ) Gorj, Dana Constantinescu \u0219i adjunctul Marius Stroe au demisionat, \u00een aceast\u0103 diminea\u021b\u0103. Conducerea inspectoratului urmeaz\u0103 s\u0103 fie preluat\u0103 de PSD, care o sus\u021bine pentru func\u021bia de conducere pe Marcela Mrejeru, pre\u0219edinta organiza\u021biei de femei a PSD T\u00e2rgu Jiu, care a mai ocupat acest post.<\/p>\n","protected":false},"excerpt":{"rendered":"<p class=\"text-justify mb-2\" >\u0218efa Inspectoratului \u0218colar Jude\u021bean (ISJ) Gorj, Dana Constantinescu \u0219i adjunctul Marius Stroe au demisionat, \u00een aceast\u0103 diminea\u021b\u0103. Conducerea inspectoratului urmeaz\u0103 s\u0103 fie preluat\u0103 de PSD, care o sus\u021bine pentru func\u021bia de conducere pe Marcela Mrejeru, pre\u0219edinta organiza\u021biei de femei a PSD T\u00e2rgu Jiu, care a [&hellip;]<\/p>\n","protected":false},"author":1,"featured_media":4082,"comment_status":"open","ping_status":"open","sticky":false,"template":"","format":"standard","meta":{"footnotes":""},"categories":[5,2,4],"tags":[],"class_list":["post-4081","post","type-post","status-publish","format-standard","has-post-thumbnail","hentry","category-actualitate","category-featured","category-ultima-ora"],"_links":{"self":[{"href":"https:\/\/radarmedia.ro\/index.php\/wp-json\/wp\/v2\/posts\/4081","targetHints":{"allow":["GET"]}}],"collection":[{"href":"https:\/\/radarmedia.ro\/index.php\/wp-json\/wp\/v2\/posts"}],"about":[{"href":"https:\/\/radarmedia.ro\/index.php\/wp-json\/wp\/v2\/types\/post"}],"author":[{"embeddable":true,"href":"https:\/\/radarmedia.ro\/index.php\/wp-json\/wp\/v2\/users\/1"}],"replies":[{"embeddable":true,"href":"https:\/\/radarmedia.ro\/index.php\/wp-json\/wp\/v2\/comments?post=4081"}],"version-history":[{"count":1,"href":"https:\/\/radarmedia.ro\/index.php\/wp-json\/wp\/v2\/posts\/4081\/revisions"}],"predecessor-version":[{"id":4083,"href":"https:\/\/radarmedia.ro\/index.php\/wp-json\/wp\/v2\/posts\/4081\/revisions\/4083"}],"wp:featuredmedia":[{"embeddable":true,"href":"https:\/\/radarmedia.ro\/index.php\/wp-json\/wp\/v2\/media\/4082"}],"wp:attachment":[{"href":"https:\/\/radarmedia.ro\/index.php\/wp-json\/wp\/v2\/media?parent=4081"}],"wp:term":[{"taxonomy":"category","embeddable":true,"href":"https:\/\/radarmedia.ro\/index.php\/wp-json\/wp\/v2\/categories?post=4081"},{"taxonomy":"post_tag","embeddable":true,"href":"https:\/\/radarmedia.ro\/index.php\/wp-json\/wp\/v2\/tags?post=4081"}],"curies":[{"name":"wp","href":"https:\/\/api.w.org\/{rel}","templated":true}]}}