{"id":4087,"date":"2022-07-07T20:12:16","date_gmt":"2022-07-07T17:12:16","guid":{"rendered":"http:\/\/radarmedia.ro\/?p=4087"},"modified":"2022-07-07T20:12:16","modified_gmt":"2022-07-07T17:12:16","slug":"targujienii-se-pot-recenza-la-primarie","status":"publish","type":"post","link":"https:\/\/radarmedia.ro\/index.php\/2022\/07\/07\/targujienii-se-pot-recenza-la-primarie\/","title":{"rendered":"T\u00e2rgujienii se pot recenza la prim\u0103rie"},"content":{"rendered":"<p>T\u00e2rgujienii care nu s-au recenzat pot s\u0103 o fac\u0103, la cele dou\u0103 puncte fixe, ale Prim\u0103riei T\u00e2rgu Jiu. Unul dintre ele este la centrul de Informare, iar cel\u0103lalt la Fondul Locativ, din incinta stadionului municipal, anun\u021b\u0103 reprezentan\u021bii municipalit\u0103\u021bii. &#8222;Cet\u0103\u021benii din municipiul T\u00e2rgu Jiu care, din diverse motive, nu s-au putut recenza, au posibilitatea s\u0103 se adreseze celor doi recenzori a c\u0103ror activitate se desf\u0103\u0219oar\u0103 zilnic, de luni p\u00e2n\u0103 vineri, la Centrul de Informare a Cet\u0103\u021benilor din cadrul Prim\u0103riei T\u00e2rgu Jiu, Bulevardul Constantin Br\u00e2ncu\u0219i nr. 6 \u0219i Serviciul Fond Locativ din incinta Stadionului Municipal&#8221;, au transmis reprezentan\u021bii Prim\u0103riei T\u00e2rgu Jiu.<\/p>\n","protected":false},"excerpt":{"rendered":"<p class=\"text-justify mb-2\" >T\u00e2rgujienii care nu s-au recenzat pot s\u0103 o fac\u0103, la cele dou\u0103 puncte fixe, ale Prim\u0103riei T\u00e2rgu Jiu. Unul dintre ele este la centrul de Informare, iar cel\u0103lalt la Fondul Locativ, din incinta stadionului municipal, anun\u021b\u0103 reprezentan\u021bii municipalit\u0103\u021bii. &#8222;Cet\u0103\u021benii din municipiul T\u00e2rgu Jiu care, din [&hellip;]<\/p>\n","protected":false},"author":1,"featured_media":3773,"comment_status":"open","ping_status":"open","sticky":false,"template":"","format":"standard","meta":{"footnotes":""},"categories":[5,4],"tags":[],"class_list":["post-4087","post","type-post","status-publish","format-standard","has-post-thumbnail","hentry","category-actualitate","category-ultima-ora"],"_links":{"self":[{"href":"https:\/\/radarmedia.ro\/index.php\/wp-json\/wp\/v2\/posts\/4087","targetHints":{"allow":["GET"]}}],"collection":[{"href":"https:\/\/radarmedia.ro\/index.php\/wp-json\/wp\/v2\/posts"}],"about":[{"href":"https:\/\/radarmedia.ro\/index.php\/wp-json\/wp\/v2\/types\/post"}],"author":[{"embeddable":true,"href":"https:\/\/radarmedia.ro\/index.php\/wp-json\/wp\/v2\/users\/1"}],"replies":[{"embeddable":true,"href":"https:\/\/radarmedia.ro\/index.php\/wp-json\/wp\/v2\/comments?post=4087"}],"version-history":[{"count":1,"href":"https:\/\/radarmedia.ro\/index.php\/wp-json\/wp\/v2\/posts\/4087\/revisions"}],"predecessor-version":[{"id":4088,"href":"https:\/\/radarmedia.ro\/index.php\/wp-json\/wp\/v2\/posts\/4087\/revisions\/4088"}],"wp:featuredmedia":[{"embeddable":true,"href":"https:\/\/radarmedia.ro\/index.php\/wp-json\/wp\/v2\/media\/3773"}],"wp:attachment":[{"href":"https:\/\/radarmedia.ro\/index.php\/wp-json\/wp\/v2\/media?parent=4087"}],"wp:term":[{"taxonomy":"category","embeddable":true,"href":"https:\/\/radarmedia.ro\/index.php\/wp-json\/wp\/v2\/categories?post=4087"},{"taxonomy":"post_tag","embeddable":true,"href":"https:\/\/radarmedia.ro\/index.php\/wp-json\/wp\/v2\/tags?post=4087"}],"curies":[{"name":"wp","href":"https:\/\/api.w.org\/{rel}","templated":true}]}}