{"id":4312,"date":"2022-08-08T13:27:44","date_gmt":"2022-08-08T10:27:44","guid":{"rendered":"http:\/\/radarmedia.ro\/?p=4312"},"modified":"2022-08-08T13:31:27","modified_gmt":"2022-08-08T10:31:27","slug":"primarita-orasului-turceni-si-a-dat-demisia","status":"publish","type":"post","link":"https:\/\/radarmedia.ro\/index.php\/2022\/08\/08\/primarita-orasului-turceni-si-a-dat-demisia\/","title":{"rendered":"Prim\u0103ri\u021ba ora\u0219ului Turceni \u0219i-a dat demisia"},"content":{"rendered":"<p>Cristina Cilibiu, primarul din Turceni, \u0219i-a dat demisia. Edilul a renun\u021bat \u0219i la func\u021biile din partid \u0219i \u0219i-a dat demisia inclusiv din PNL. Aceasta a trimis demisia c\u0103tre Prefectura Gorj, anun\u021b\u00e2nd decizia de a \u00eenceta raporturile de munc\u0103, de miercuri, 10 august.<\/p>\n","protected":false},"excerpt":{"rendered":"<p class=\"text-justify mb-2\" >Cristina Cilibiu, primarul din Turceni, \u0219i-a dat demisia. Edilul a renun\u021bat \u0219i la func\u021biile din partid \u0219i \u0219i-a dat demisia inclusiv din PNL. Aceasta a trimis demisia c\u0103tre Prefectura Gorj, anun\u021b\u00e2nd decizia de a \u00eenceta raporturile de munc\u0103, de miercuri, 10 august.<\/p>\n","protected":false},"author":1,"featured_media":4315,"comment_status":"open","ping_status":"open","sticky":false,"template":"","format":"standard","meta":{"footnotes":""},"categories":[2,3,4],"tags":[],"class_list":["post-4312","post","type-post","status-publish","format-standard","has-post-thumbnail","hentry","category-featured","category-politic","category-ultima-ora"],"_links":{"self":[{"href":"https:\/\/radarmedia.ro\/index.php\/wp-json\/wp\/v2\/posts\/4312","targetHints":{"allow":["GET"]}}],"collection":[{"href":"https:\/\/radarmedia.ro\/index.php\/wp-json\/wp\/v2\/posts"}],"about":[{"href":"https:\/\/radarmedia.ro\/index.php\/wp-json\/wp\/v2\/types\/post"}],"author":[{"embeddable":true,"href":"https:\/\/radarmedia.ro\/index.php\/wp-json\/wp\/v2\/users\/1"}],"replies":[{"embeddable":true,"href":"https:\/\/radarmedia.ro\/index.php\/wp-json\/wp\/v2\/comments?post=4312"}],"version-history":[{"count":1,"href":"https:\/\/radarmedia.ro\/index.php\/wp-json\/wp\/v2\/posts\/4312\/revisions"}],"predecessor-version":[{"id":4313,"href":"https:\/\/radarmedia.ro\/index.php\/wp-json\/wp\/v2\/posts\/4312\/revisions\/4313"}],"wp:featuredmedia":[{"embeddable":true,"href":"https:\/\/radarmedia.ro\/index.php\/wp-json\/wp\/v2\/media\/4315"}],"wp:attachment":[{"href":"https:\/\/radarmedia.ro\/index.php\/wp-json\/wp\/v2\/media?parent=4312"}],"wp:term":[{"taxonomy":"category","embeddable":true,"href":"https:\/\/radarmedia.ro\/index.php\/wp-json\/wp\/v2\/categories?post=4312"},{"taxonomy":"post_tag","embeddable":true,"href":"https:\/\/radarmedia.ro\/index.php\/wp-json\/wp\/v2\/tags?post=4312"}],"curies":[{"name":"wp","href":"https:\/\/api.w.org\/{rel}","templated":true}]}}