{"id":4316,"date":"2022-08-08T13:31:04","date_gmt":"2022-08-08T10:31:04","guid":{"rendered":"http:\/\/radarmedia.ro\/?p=4316"},"modified":"2022-08-08T17:59:59","modified_gmt":"2022-08-08T14:59:59","slug":"motociclist-aruncat-in-sant-de-un-autoturism","status":"publish","type":"post","link":"https:\/\/radarmedia.ro\/index.php\/2022\/08\/08\/motociclist-aruncat-in-sant-de-un-autoturism\/","title":{"rendered":"Motociclist aruncat \u00een \u0219an\u021b de un autoturism"},"content":{"rendered":"<p>Un motociclist a ajuns la spital, dup\u0103 ce a fost acro\u0219at de o ma\u0219in\u0103, \u00een Bumbe\u0219ti Jiu. \u0218oferul autoturismului nu a acordat prioritate, \u00eentr-o intersec\u021bie \u0219i l-a izbit frontal pe motociclist, pe care l-a aruncat \u00eentr-un \u0219an\u021b.\u00a0&#8222;Din primele cercet\u0103ri, poli\u021bi\u0219tii au stabilit faptul c\u0103 un b\u0103rbat, de 53 de ani din ora\u0219ul Bumbe\u0219ti-Jiu, \u00een timp ce conducea un autoturism pe DN 66, din direc\u021bia Petro\u0219ani &#8211; T\u00e2rgu-Jiu, a efectuat virajul la st\u00e2nga, f\u0103r\u0103 a acorda prioritate de trecere unui motociclu, condus de un b\u0103rbat de 33 de ani din municipiul Bucure\u0219ti, acro\u0219\u00e2ndu-l frontal.\u00a0\u00cen urma coliziunii, motociclul a fost proiectat \u00een \u0219an\u021bul pluvial situat pe marginea drumului, pe sensul s\u0103u de deplasare.\u00a0\u00cen urma impactului a rezultat r\u0103nirea b\u0103rbatului de 33 de ani, fiind transportat la Spitalul Jude\u021bean de Urgen\u021b\u0103 T\u00e2rgu-Jiu \u00een vederea acord\u0103rii de \u00eengrijiri medicale de specialitate&#8221;, arat\u0103 un comunicat emis de IPJ Gorj.<\/p>\n<p>Poli\u021bi\u0219tii au \u00eentocmit dosar penal, pentru v\u0103t\u0103mare corporal\u0103 din culp\u0103.<\/p>\n","protected":false},"excerpt":{"rendered":"<p class=\"text-justify mb-2\" >Un motociclist a ajuns la spital, dup\u0103 ce a fost acro\u0219at de o ma\u0219in\u0103, \u00een Bumbe\u0219ti Jiu. \u0218oferul autoturismului nu a acordat prioritate, \u00eentr-o intersec\u021bie \u0219i l-a izbit frontal pe motociclist, pe care l-a aruncat \u00eentr-un \u0219an\u021b.\u00a0&#8222;Din primele cercet\u0103ri, poli\u021bi\u0219tii au stabilit faptul c\u0103 un [&hellip;]<\/p>\n","protected":false},"author":1,"featured_media":4319,"comment_status":"open","ping_status":"open","sticky":false,"template":"","format":"standard","meta":{"footnotes":""},"categories":[13,2,4],"tags":[],"class_list":["post-4316","post","type-post","status-publish","format-standard","has-post-thumbnail","hentry","category-eveniment","category-featured","category-ultima-ora"],"_links":{"self":[{"href":"https:\/\/radarmedia.ro\/index.php\/wp-json\/wp\/v2\/posts\/4316","targetHints":{"allow":["GET"]}}],"collection":[{"href":"https:\/\/radarmedia.ro\/index.php\/wp-json\/wp\/v2\/posts"}],"about":[{"href":"https:\/\/radarmedia.ro\/index.php\/wp-json\/wp\/v2\/types\/post"}],"author":[{"embeddable":true,"href":"https:\/\/radarmedia.ro\/index.php\/wp-json\/wp\/v2\/users\/1"}],"replies":[{"embeddable":true,"href":"https:\/\/radarmedia.ro\/index.php\/wp-json\/wp\/v2\/comments?post=4316"}],"version-history":[{"count":2,"href":"https:\/\/radarmedia.ro\/index.php\/wp-json\/wp\/v2\/posts\/4316\/revisions"}],"predecessor-version":[{"id":4318,"href":"https:\/\/radarmedia.ro\/index.php\/wp-json\/wp\/v2\/posts\/4316\/revisions\/4318"}],"wp:featuredmedia":[{"embeddable":true,"href":"https:\/\/radarmedia.ro\/index.php\/wp-json\/wp\/v2\/media\/4319"}],"wp:attachment":[{"href":"https:\/\/radarmedia.ro\/index.php\/wp-json\/wp\/v2\/media?parent=4316"}],"wp:term":[{"taxonomy":"category","embeddable":true,"href":"https:\/\/radarmedia.ro\/index.php\/wp-json\/wp\/v2\/categories?post=4316"},{"taxonomy":"post_tag","embeddable":true,"href":"https:\/\/radarmedia.ro\/index.php\/wp-json\/wp\/v2\/tags?post=4316"}],"curies":[{"name":"wp","href":"https:\/\/api.w.org\/{rel}","templated":true}]}}