{"id":433,"date":"2021-05-23T09:55:28","date_gmt":"2021-05-23T06:55:28","guid":{"rendered":"http:\/\/radarmedia.ro\/?p=433"},"modified":"2021-05-23T09:56:09","modified_gmt":"2021-05-23T06:56:09","slug":"impact-cu-capul-de-pod-o-victima-la-spital","status":"publish","type":"post","link":"https:\/\/radarmedia.ro\/index.php\/2021\/05\/23\/impact-cu-capul-de-pod-o-victima-la-spital\/","title":{"rendered":"Impact cu capul de pod. O victim\u0103 la spital"},"content":{"rendered":"<p>Un accident, produs azi noapte, \u00een localitatea Moi, s-a soldat cu un r\u0103nit \u0219i pagube materiale \u00eensemnate. Un t\u00e2n\u0103r de 20 de ani a pierdut controlul ma\u0219inii \u0219i a ajuns \u00een afara drumului, \u00eenfig\u00e2ndu-se \u00eentr-un cap de pod, Un alt t\u00e2n\u0103r de 20 de ani, care era pe locul din dreapta, a suferit r\u0103ni \u0219i a fost transportat la spital. Poli&#8217;i;tii au deschis un dosar penal. &#8222;La data de 23 mai a.c.,poli\u021bi\u0219ti din cadrul Poli\u021biei Ora\u0219ului Rovinari au fost sesiza\u021bi cu privire la faptul c\u0103 pe raza localit\u0103\u021bii Vl\u0103duleni , a avut loc un eveniment rutier soldat cu victime.\u00a0Din cercet\u0103rile efectuate de poli\u021bi\u0219ti a reie\u0219it faptul c\u0103 un t\u00e2n\u0103r de 20 de ani,din comuna B\u00e2lteni, \u00een timp ce conducea un autoturism pe DN 66 Vl\u0103duleni, a pierdut controlul asupra autoturismului \u0219i a intrat in coliziune cu un cap de pod. In urma evenimentului rutier a rezultat r\u0103nirea unui t\u00e2n\u0103r de 20 de ani, din comuna B\u00e2lteni, pasager in autoturism. Conduc\u0103torul auto a fost testat cu aparatul etilotest, rezultatul fiind negativ. \u00cen cauz\u0103 s-a \u00eentocmit dosar penal sub aspectul s\u0103v\u00e2r\u0219irii infrac\u021biunii de v\u0103t\u0103mare corporal\u0103 din culp\u0103&#8221;, arat\u0103 un comunicat al IPJ Gorj.<\/p>\n","protected":false},"excerpt":{"rendered":"<p class=\"text-justify mb-2\" >Un accident, produs azi noapte, \u00een localitatea Moi, s-a soldat cu un r\u0103nit \u0219i pagube materiale \u00eensemnate. Un t\u00e2n\u0103r de 20 de ani a pierdut controlul ma\u0219inii \u0219i a ajuns \u00een afara drumului, \u00eenfig\u00e2ndu-se \u00eentr-un cap de pod, Un alt t\u00e2n\u0103r de 20 de ani, [&hellip;]<\/p>\n","protected":false},"author":1,"featured_media":436,"comment_status":"open","ping_status":"open","sticky":false,"template":"","format":"standard","meta":{"footnotes":""},"categories":[13,2,4],"tags":[],"class_list":["post-433","post","type-post","status-publish","format-standard","has-post-thumbnail","hentry","category-eveniment","category-featured","category-ultima-ora"],"_links":{"self":[{"href":"https:\/\/radarmedia.ro\/index.php\/wp-json\/wp\/v2\/posts\/433","targetHints":{"allow":["GET"]}}],"collection":[{"href":"https:\/\/radarmedia.ro\/index.php\/wp-json\/wp\/v2\/posts"}],"about":[{"href":"https:\/\/radarmedia.ro\/index.php\/wp-json\/wp\/v2\/types\/post"}],"author":[{"embeddable":true,"href":"https:\/\/radarmedia.ro\/index.php\/wp-json\/wp\/v2\/users\/1"}],"replies":[{"embeddable":true,"href":"https:\/\/radarmedia.ro\/index.php\/wp-json\/wp\/v2\/comments?post=433"}],"version-history":[{"count":1,"href":"https:\/\/radarmedia.ro\/index.php\/wp-json\/wp\/v2\/posts\/433\/revisions"}],"predecessor-version":[{"id":437,"href":"https:\/\/radarmedia.ro\/index.php\/wp-json\/wp\/v2\/posts\/433\/revisions\/437"}],"wp:featuredmedia":[{"embeddable":true,"href":"https:\/\/radarmedia.ro\/index.php\/wp-json\/wp\/v2\/media\/436"}],"wp:attachment":[{"href":"https:\/\/radarmedia.ro\/index.php\/wp-json\/wp\/v2\/media?parent=433"}],"wp:term":[{"taxonomy":"category","embeddable":true,"href":"https:\/\/radarmedia.ro\/index.php\/wp-json\/wp\/v2\/categories?post=433"},{"taxonomy":"post_tag","embeddable":true,"href":"https:\/\/radarmedia.ro\/index.php\/wp-json\/wp\/v2\/tags?post=433"}],"curies":[{"name":"wp","href":"https:\/\/api.w.org\/{rel}","templated":true}]}}